{"id":6365,"date":"2020-08-05T15:40:55","date_gmt":"2020-08-05T15:40:55","guid":{"rendered":"https:\/\/caf.org.uy\/caf\/?p=6365"},"modified":"2020-08-05T15:41:33","modified_gmt":"2020-08-05T15:41:33","slug":"tristeza-ante-la-muerte-del-dr-alberto-zumaran","status":"publish","type":"post","link":"https:\/\/caf.org.uy\/caf\/tristeza-ante-la-muerte-del-dr-alberto-zumaran\/","title":{"rendered":"Tristeza ante la muerte del Dr. Alberto Zumar\u00e1n"},"content":{"rendered":"\n<p>Alberto Zumar\u00e1n fue productor rural, abogado, presidente por varios per\u00edodos de nuestra cooperativa socia JUMECAL, director de la Junta Directiva de INIA en representaci\u00f3n de CAF y un hist\u00f3rico dirigente pol\u00edtico nacional, pieza clave en el retorno de Uruguay a la democracia. \u201cResaltamos que fue un cooperativista del sector agrario que hizo un gran aporte al Uruguay\u201d, se\u00f1al\u00f3 Pablo Perdomo, presidente de CAF.<br><\/p>\n\n\n\n<p>A los 79 a\u00f1os, el Dr. Zumar\u00e1n falleci\u00f3 este martes 4 de agosto en Montevideo.<br><\/p>\n\n\n\n<div class=\"wp-block-image\"><figure class=\"aligncenter size-large is-resized\"><img fetchpriority=\"high\" decoding=\"async\" src=\"https:\/\/caf.org.uy\/caf\/wp-content\/uploads\/2020\/08\/5f2a11710eb6f.jpeg\" alt=\"\" class=\"wp-image-6367\" width=\"343\" height=\"221\" srcset=\"https:\/\/caf.org.uy\/caf\/wp-content\/uploads\/2020\/08\/5f2a11710eb6f.jpeg 580w, https:\/\/caf.org.uy\/caf\/wp-content\/uploads\/2020\/08\/5f2a11710eb6f-420x271.jpeg 420w\" sizes=\"(max-width: 343px) 100vw, 343px\" \/><\/figure><\/div>\n\n\n\n<p>Su amplia trayectoria como productor, cooperativista y l\u00edder pol\u00edtico encuentra estos d\u00edas amplio eco en todos los medios de comunicaci\u00f3n del pa\u00eds. Desde CAF destacamos especialmente su v\u00ednculo con el sector agrario en general y con el cooperativismo en particular.<br><\/p>\n\n\n\n<p>\u201cEl Doctor Zumar\u00e1n ten\u00eda una gran facilidad de comunicaci\u00f3n y era muy abierto al di\u00e1logo. Eran famosas sus charlas con colegas productores que duraban horas en la cooperativa. Fue un hombre de bien, intachable de todo punto de vista. Tuvo un rol protag\u00f3nico en la recuperaci\u00f3n de nuestra cooperativa Jumecal en los momentos m\u00e1s dif\u00edciles que atravesamos\u201d, subray\u00f3 Mario Fern\u00e1ndez, presidente de JUMECAL.<br><\/p>\n\n\n\n<div class=\"wp-block-image\"><figure class=\"aligncenter size-large is-resized\"><img decoding=\"async\" src=\"https:\/\/caf.org.uy\/caf\/wp-content\/uploads\/2020\/08\/116710350_10159166785535982_6871628457850701659_n-650x431.jpg\" alt=\"\" class=\"wp-image-6366\" width=\"306\" height=\"202\" srcset=\"https:\/\/caf.org.uy\/caf\/wp-content\/uploads\/2020\/08\/116710350_10159166785535982_6871628457850701659_n-650x431.jpg 650w, https:\/\/caf.org.uy\/caf\/wp-content\/uploads\/2020\/08\/116710350_10159166785535982_6871628457850701659_n-420x278.jpg 420w, https:\/\/caf.org.uy\/caf\/wp-content\/uploads\/2020\/08\/116710350_10159166785535982_6871628457850701659_n-768x509.jpg 768w, https:\/\/caf.org.uy\/caf\/wp-content\/uploads\/2020\/08\/116710350_10159166785535982_6871628457850701659_n.jpg 960w\" sizes=\"(max-width: 306px) 100vw, 306px\" \/><\/figure><\/div>\n\n\n\n<p><strong>Desde CAF resaltamos la trayectoria del Dr. Zumar\u00e1n como:<\/strong><\/p>\n\n\n\n<p><br>\u2022 Productor en establecimiento frut\u00edcola y citr\u00edcola en la zona de Melilla<br>\u2022 Presidente por varios per\u00edodos de la Cooperativa JUMECAL<br>\u2022 Director Alterno de la Junta Directiva del Instituto Nacional de Investigaci\u00f3n Agropecuaria (INIA) en representaci\u00f3n de Comisi\u00f3n Nacional de Fomento Rural, FUCREA y Cooperativas Agrarias Federadas<br>\u2022 Director en varios per\u00edodos de la Comisi\u00f3n Nacional de Fomento Rural<br>\u2022 Integrante Grupo CREA en frutas<br>\u2022 Senador Nacional, dos per\u00edodos e integrante de la Comisi\u00f3n de Agricultura<br><\/p>\n\n\n\n<p><strong>Fuente:<\/strong> <a href=\"http:\/\/www.inia.org.uy\/nuestragente\/c_zumaran.htm\">Sitio web de INIA<\/a><\/p>\n","protected":false},"excerpt":{"rendered":"<p>Alberto Zumar\u00e1n fue productor rural, abogado, presidente por varios per\u00edodos de nuestra cooperativa socia JUMECAL, director de la Junta Directiva de INIA en representaci\u00f3n de CAF y un hist\u00f3rico dirigente &hellip; <a class=\"readmore\" href=\"https:\/\/caf.org.uy\/caf\/tristeza-ante-la-muerte-del-dr-alberto-zumaran\/\">Seguir leyendo &rarr;<\/a><\/p>\n","protected":false},"author":5,"featured_media":6367,"comment_status":"open","ping_status":"closed","sticky":false,"template":"","format":"standard","meta":{"csbAdvScrollBarCursor":"","footnotes":""},"categories":[2,42],"tags":[],"class_list":["post-6365","post","type-post","status-publish","format-standard","has-post-thumbnail","hentry","category-noticias","category-portada"],"_links":{"self":[{"href":"https:\/\/caf.org.uy\/caf\/wp-json\/wp\/v2\/posts\/6365","targetHints":{"allow":["GET"]}}],"collection":[{"href":"https:\/\/caf.org.uy\/caf\/wp-json\/wp\/v2\/posts"}],"about":[{"href":"https:\/\/caf.org.uy\/caf\/wp-json\/wp\/v2\/types\/post"}],"author":[{"embeddable":true,"href":"https:\/\/caf.org.uy\/caf\/wp-json\/wp\/v2\/users\/5"}],"replies":[{"embeddable":true,"href":"https:\/\/caf.org.uy\/caf\/wp-json\/wp\/v2\/comments?post=6365"}],"version-history":[{"count":2,"href":"https:\/\/caf.org.uy\/caf\/wp-json\/wp\/v2\/posts\/6365\/revisions"}],"predecessor-version":[{"id":6369,"href":"https:\/\/caf.org.uy\/caf\/wp-json\/wp\/v2\/posts\/6365\/revisions\/6369"}],"wp:featuredmedia":[{"embeddable":true,"href":"https:\/\/caf.org.uy\/caf\/wp-json\/wp\/v2\/media\/6367"}],"wp:attachment":[{"href":"https:\/\/caf.org.uy\/caf\/wp-json\/wp\/v2\/media?parent=6365"}],"wp:term":[{"taxonomy":"category","embeddable":true,"href":"https:\/\/caf.org.uy\/caf\/wp-json\/wp\/v2\/categories?post=6365"},{"taxonomy":"post_tag","embeddable":true,"href":"https:\/\/caf.org.uy\/caf\/wp-json\/wp\/v2\/tags?post=6365"}],"curies":[{"name":"wp","href":"https:\/\/api.w.org\/{rel}","templated":true}]}}