{"id":6359,"date":"2020-06-30T16:23:48","date_gmt":"2020-06-30T16:23:48","guid":{"rendered":"http:\/\/www.caf.org.uy\/site\/?p=6359"},"modified":"2020-06-30T16:23:48","modified_gmt":"2020-06-30T16:23:48","slug":"productores-somos-principales-interesados-en-preservacion-recursos-naturales","status":"publish","type":"post","link":"https:\/\/caf.org.uy\/caf\/productores-somos-principales-interesados-en-preservacion-recursos-naturales\/","title":{"rendered":"\u201cLos productores somos principales interesados en preservaci\u00f3n recursos naturales\u201d"},"content":{"rendered":"\n<p>El lunes 29 de junio, el MGAP, el MVOTMA, la FAO y CAF presentaron los resultados de un proyecto conjunto que permitir\u00e1 desarrollar un protocolo para evaluar la degradaci\u00f3n del campo natural en Uruguay y tomar decisiones que promuevan su manejo sostenible.<br \/><\/p>\n\n\n<p>El campo natural es un recurso estrat\u00e9gico para el pa\u00eds en la provisi\u00f3n de bienes y servicios econ\u00f3micos, ambientales y socio-culturales, pero entre el a\u00f1o 2000 y 2015, su superficie se redujo un 13,79% a nivel nacional.<br \/>De la conferencia participaron: el Ministro de Ganader\u00eda, Agricultura y Pesca, Carlos Mar\u00eda Uriarte; el Director General de Recursos Naturales (MGAP), Jos\u00e9 Mar\u00eda Nin; el Director Nacional de Medio Ambiente (MVOTMA), Eduardo Andr\u00e9s; el Oficial a Cargo de la Organizaci\u00f3n de las Naciones Unidas para la Alimentaci\u00f3n y la Agricultura (FAO) en Uruguay, Vicente Plata, y el presidente de Cooperativas Agrarias Federadas (CAF), Pablo Perdomo.<br \/><\/p>\n\n\n<p>Periodistas y p\u00fablico interesado en la tem\u00e1tica de todo el pa\u00eds siguieron el evento de forma virtual.<br \/><\/p>\n\n\n<p><strong>Principales interesados<\/strong><br \/><\/p>\n\n\n<p>\u00abEs un gusto recibirlos en el MGAP. M\u00e1s que nunca debemos ser responsables por velar por la biodiversidad con la que contamos, teniendo en cuenta tambi\u00e9n que es un momento clave en la producci\u00f3n de alimentos\u00bb, se\u00f1al\u00f3 el Ministro Uriarte al inaugurar la actividad.<br \/><\/p>\n\n\n<p>A su turno, Pablo Perdomo (presidente de CAF) se\u00f1al\u00f3: \u00abLos productores somos los principales interesados en que los recursos naturales se usen de forma sustentable, porque vivimos con nuestras familias en el campo. Es una idea fant\u00e1stica que esto se haga con las gremiales. Seguiremos trabajando en esta l\u00ednea\u00bb.<br \/><\/p>\n\n\n<p>Por su parte, Vicente Plata (oficial a cargo de FAO en Uruguay) ley\u00f3 palabras de Vivian Onyango, la Oficial t\u00e9cnica de FAO para el proyecto a nivel mundial: \u00abAbordar la degradaci\u00f3n de la tierra sigue siendo un desaf\u00edo en los pastizales, donde nos enfrentamos a la definici\u00f3n lo que es degradaci\u00f3n y lo que no\u00bb.<br \/><\/p>\n\n\n<p><strong>Conclusiones<\/strong><br \/><\/p>\n\n\n<p>\u00abEl proyecto sobre Campo Natural se llev\u00f3 a cabo en dos zonas piloto; Norte y Sureste de Uruguay, que corresponden a una proporci\u00f3n relevante de territorio nacional. El trabajo se realiz\u00f3 de forma participativa, con m\u00e1s de 110 personas vinculadas\u00bb, explic\u00f3 Fernando Coronel, coordinador del equipo CAF que lider\u00f3 la consulta en los dos territorios.<br \/><\/p>\n\n\n<p>\u00abLos resultados del estudio en las zonas piloto, revelaron la alta resiliencia del campo natural. Dentro de nuestras propuestas est\u00e1 desarrollar un plan de transferencia de conocimiento y tecnolog\u00eda espec\u00edfico, y la valorizaci\u00f3n la producci\u00f3n sobre este recurso\u00bb, se\u00f1al\u00f3 el experto.<br \/><\/p>\n\n\n<p><strong>Una iniciativa mundial<\/strong><br \/><\/p>\n\n\n<p>El trabajo se enmarca en un proyecto global impulsado por la FAO y financiado por el Fondo para el Medio Ambiente Mundial (GEF, por sus siglas en ingl\u00e9s) del que participaron Kenia, Burkina Faso, N\u00edger y Kirguist\u00e1n, adem\u00e1s de Uruguay. La iniciativa apunta a fortalecer las capacidades de los actores locales y nacionales para preservar las zonas de pastoreo compuestas por pastizales donde existen procesos de degradaci\u00f3n de tierras.<br \/><\/p>\n\n\n<p>En Uruguay, el proyecto tambi\u00e9n cont\u00f3 con el aporte de la Comisi\u00f3n Nacional de Fomento Rural y la Facultad de Agronom\u00eda de la Universidad de la Rep\u00fablica. El trabajo se realiz\u00f3 de forma participativa, a trav\u00e9s de consultas a t\u00e9cnicos y especialistas, y actores relevantes a nivel local y nacional.<\/p>\n","protected":false},"excerpt":{"rendered":"<p>El lunes 29 de junio, el MGAP, el MVOTMA, la FAO y CAF presentaron los resultados de un proyecto conjunto que permitir\u00e1 desarrollar un protocolo para evaluar la degradaci\u00f3n del &hellip; <a class=\"readmore\" href=\"https:\/\/caf.org.uy\/caf\/productores-somos-principales-interesados-en-preservacion-recursos-naturales\/\">Seguir leyendo &rarr;<\/a><\/p>\n","protected":false},"author":1,"featured_media":6360,"comment_status":"open","ping_status":"closed","sticky":false,"template":"","format":"standard","meta":{"csbAdvScrollBarCursor":"","footnotes":""},"categories":[2,42],"tags":[],"class_list":["post-6359","post","type-post","status-publish","format-standard","has-post-thumbnail","hentry","category-noticias","category-portada"],"_links":{"self":[{"href":"https:\/\/caf.org.uy\/caf\/wp-json\/wp\/v2\/posts\/6359","targetHints":{"allow":["GET"]}}],"collection":[{"href":"https:\/\/caf.org.uy\/caf\/wp-json\/wp\/v2\/posts"}],"about":[{"href":"https:\/\/caf.org.uy\/caf\/wp-json\/wp\/v2\/types\/post"}],"author":[{"embeddable":true,"href":"https:\/\/caf.org.uy\/caf\/wp-json\/wp\/v2\/users\/1"}],"replies":[{"embeddable":true,"href":"https:\/\/caf.org.uy\/caf\/wp-json\/wp\/v2\/comments?post=6359"}],"version-history":[{"count":0,"href":"https:\/\/caf.org.uy\/caf\/wp-json\/wp\/v2\/posts\/6359\/revisions"}],"wp:featuredmedia":[{"embeddable":true,"href":"https:\/\/caf.org.uy\/caf\/wp-json\/wp\/v2\/media\/6360"}],"wp:attachment":[{"href":"https:\/\/caf.org.uy\/caf\/wp-json\/wp\/v2\/media?parent=6359"}],"wp:term":[{"taxonomy":"category","embeddable":true,"href":"https:\/\/caf.org.uy\/caf\/wp-json\/wp\/v2\/categories?post=6359"},{"taxonomy":"post_tag","embeddable":true,"href":"https:\/\/caf.org.uy\/caf\/wp-json\/wp\/v2\/tags?post=6359"}],"curies":[{"name":"wp","href":"https:\/\/api.w.org\/{rel}","templated":true}]}}