{"id":6349,"date":"2020-06-25T13:53:25","date_gmt":"2020-06-25T13:53:25","guid":{"rendered":"https:\/\/caf.org.uy\/caf\/?p=6349"},"modified":"2020-06-25T14:12:26","modified_gmt":"2020-06-25T14:12:26","slug":"presentan-resultados-de-proyecto-sobre-manejo-sostenible-del-campo-natural-en-el-uruguay","status":"publish","type":"post","link":"https:\/\/caf.org.uy\/caf\/presentan-resultados-de-proyecto-sobre-manejo-sostenible-del-campo-natural-en-el-uruguay\/","title":{"rendered":"Conferencia: resultados de proyecto sobre manejo sostenible del campo natural en Uruguay"},"content":{"rendered":"\n<p>El lunes 29 de junio a las 14 horas, el MGAP, el MVOTMA, la FAO y CAF presentar\u00e1n los resultados de un proyecto conjunto que permitir\u00e1 desarrollar un protocolo para evaluar la degradaci\u00f3n del campo natural en Uruguay y el mundo y tomar decisiones que promuevan su manejo sostenible.<br><\/p>\n\n\n\n<p>El campo natural es un recurso estrat\u00e9gico para el pa\u00eds en la provisi\u00f3n de bienes y servicios econ\u00f3micos, ambientales y socio-culturales, pero entre el a\u00f1o 2000 y 2015, su superficie se redujo un 13,79% a nivel nacional.<br><\/p>\n\n\n\n<p>En la conferencia virtual, las instituciones presentar\u00e1n una primera medici\u00f3n sobre su estado a nivel nacional, con foco en las dos zonas donde se desarroll\u00f3 el proyecto (Sureste y Norte del pa\u00eds). Tambi\u00e9n expondr\u00e1n recomendaciones de gesti\u00f3n y seguimiento.<br><\/p>\n\n\n\n<p>Participar\u00e1n:<\/p>\n\n\n\n<ul class=\"wp-block-list\"><li>el Director General de Recursos Naturales del Ministerio de Ganader\u00eda Agricultura y Pesca (MGAP), <strong>Jos\u00e9 Mar\u00eda Nin<\/strong>,<\/li><li>el Oficial a Cargo de la Organizaci\u00f3n de las Naciones Unidas para la Alimentaci\u00f3n y la Agricultura (FAO) en Uruguay, <strong>Vicente Plata<\/strong>,<\/li><li>el presidente de Cooperativas Agrarias Federadas (CAF), <strong>Pablo Perdomo<\/strong>,<\/li><li>un representante del Ministerio de Vivienda, Ordenamiento Territorial y Medio Ambiente (MVOTMA).<\/li><\/ul>\n\n\n\n<p><strong>Una iniciativa mundial<\/strong><br><\/p>\n\n\n\n<p>El trabajo se enmarca en un proyecto global impulsado por la FAO y financiado por el Fondo para el Medio Ambiente Mundial (GEF, por sus siglas en ingl\u00e9s) del que participaron Kenia, Burkina Faso, N\u00edger y Kirguist\u00e1n, adem\u00e1s de Uruguay. La iniciativa apunta a fortalecer las capacidades de los actores locales y nacionales para preservar las zonas de pastoreo compuestas por pastizales donde existen procesos de degradaci\u00f3n de tierras.<br><\/p>\n\n\n\n<p>En Uruguay, el proyecto tambi\u00e9n cont\u00f3 con el aporte de la Comisi\u00f3n Nacional de Fomento Rural y la Facultad de Agronom\u00eda de la Universidad de la Rep\u00fablica. El trabajo se realiz\u00f3 de forma participativa, a trav\u00e9s de consultas a t\u00e9cnicos y especialistas, y actores relevantes a nivel local y nacional. <a href=\"http:\/\/www.fao.org\/uruguay\/noticias\/detail\/en\/c\/1254692\/\">M\u00e1s informaci\u00f3n sobre el proyecto<\/a>.<br><\/p>\n\n\n\n<p><strong>INFORMACI\u00d3N RELEVANTE:<\/strong><\/p>\n\n\n\n<p><br><strong>Fecha: <\/strong>Lunes 29 de junio 14 horas<\/p>\n\n\n\n<p><br><strong>\u00bfC\u00f3mo participar?<\/strong><\/p>\n\n\n\n<p><br>\u2022 <strong>PRENSA:<\/strong> V\u00cdA ZOOM- Solicitar enlace de acceso v\u00eda Whatsapp al: 099 502 566 o al correo: comunicacion@caf.org.uy.<\/p>\n\n\n\n<p>\u2022 <strong>V\u00cdA YOUTUBE<\/strong>&#8211; Canal de Youtube del MGAP. <a href=\"https:\/\/youtu.be\/FaNMFSatlcM\">Acceda aqu\u00ed.<\/a> <br><\/p>\n\n\n\n<figure class=\"wp-block-image size-large\"><img fetchpriority=\"high\" decoding=\"async\" width=\"650\" height=\"473\" src=\"https:\/\/caf.org.uy\/caf\/wp-content\/uploads\/2020\/06\/Invitaci\u00f3n_Conferencia_Prensa_29-6-20-650x473.jpg\" alt=\"\" class=\"wp-image-6350\" srcset=\"https:\/\/caf.org.uy\/caf\/wp-content\/uploads\/2020\/06\/Invitaci\u00f3n_Conferencia_Prensa_29-6-20-650x473.jpg 650w, https:\/\/caf.org.uy\/caf\/wp-content\/uploads\/2020\/06\/Invitaci\u00f3n_Conferencia_Prensa_29-6-20-420x306.jpg 420w, https:\/\/caf.org.uy\/caf\/wp-content\/uploads\/2020\/06\/Invitaci\u00f3n_Conferencia_Prensa_29-6-20-768x559.jpg 768w, https:\/\/caf.org.uy\/caf\/wp-content\/uploads\/2020\/06\/Invitaci\u00f3n_Conferencia_Prensa_29-6-20-1000x728.jpg 1000w, https:\/\/caf.org.uy\/caf\/wp-content\/uploads\/2020\/06\/Invitaci\u00f3n_Conferencia_Prensa_29-6-20.jpg 1191w\" sizes=\"(max-width: 650px) 100vw, 650px\" \/><\/figure>\n","protected":false},"excerpt":{"rendered":"<p>El lunes 29 de junio a las 14 horas, el MGAP, el MVOTMA, la FAO y CAF presentar\u00e1n los resultados de un proyecto conjunto que permitir\u00e1 desarrollar un protocolo para &hellip; <a class=\"readmore\" href=\"https:\/\/caf.org.uy\/caf\/presentan-resultados-de-proyecto-sobre-manejo-sostenible-del-campo-natural-en-el-uruguay\/\">Seguir leyendo &rarr;<\/a><\/p>\n","protected":false},"author":5,"featured_media":6351,"comment_status":"open","ping_status":"closed","sticky":false,"template":"","format":"standard","meta":{"csbAdvScrollBarCursor":"","footnotes":""},"categories":[2,42],"tags":[],"class_list":["post-6349","post","type-post","status-publish","format-standard","has-post-thumbnail","hentry","category-noticias","category-portada"],"_links":{"self":[{"href":"https:\/\/caf.org.uy\/caf\/wp-json\/wp\/v2\/posts\/6349","targetHints":{"allow":["GET"]}}],"collection":[{"href":"https:\/\/caf.org.uy\/caf\/wp-json\/wp\/v2\/posts"}],"about":[{"href":"https:\/\/caf.org.uy\/caf\/wp-json\/wp\/v2\/types\/post"}],"author":[{"embeddable":true,"href":"https:\/\/caf.org.uy\/caf\/wp-json\/wp\/v2\/users\/5"}],"replies":[{"embeddable":true,"href":"https:\/\/caf.org.uy\/caf\/wp-json\/wp\/v2\/comments?post=6349"}],"version-history":[{"count":3,"href":"https:\/\/caf.org.uy\/caf\/wp-json\/wp\/v2\/posts\/6349\/revisions"}],"predecessor-version":[{"id":6354,"href":"https:\/\/caf.org.uy\/caf\/wp-json\/wp\/v2\/posts\/6349\/revisions\/6354"}],"wp:featuredmedia":[{"embeddable":true,"href":"https:\/\/caf.org.uy\/caf\/wp-json\/wp\/v2\/media\/6351"}],"wp:attachment":[{"href":"https:\/\/caf.org.uy\/caf\/wp-json\/wp\/v2\/media?parent=6349"}],"wp:term":[{"taxonomy":"category","embeddable":true,"href":"https:\/\/caf.org.uy\/caf\/wp-json\/wp\/v2\/categories?post=6349"},{"taxonomy":"post_tag","embeddable":true,"href":"https:\/\/caf.org.uy\/caf\/wp-json\/wp\/v2\/tags?post=6349"}],"curies":[{"name":"wp","href":"https:\/\/api.w.org\/{rel}","templated":true}]}}