{"id":6344,"date":"2020-06-19T18:34:00","date_gmt":"2020-06-19T18:34:00","guid":{"rendered":"https:\/\/caf.org.uy\/caf\/?p=6344"},"modified":"2020-06-19T18:34:50","modified_gmt":"2020-06-19T18:34:50","slug":"copagran-en-la-union-nos-fortalecemos","status":"publish","type":"post","link":"https:\/\/caf.org.uy\/caf\/copagran-en-la-union-nos-fortalecemos\/","title":{"rendered":"COPAGRAN: \u201cEn la uni\u00f3n nos fortalecemos\u201d"},"content":{"rendered":"\n<p>En junio se complet\u00f3 la fusi\u00f3n por absorci\u00f3n de la Cooperativa Agraria Nuevo Berl\u00edn (CONUBER) con COPAGRAN. En CAF conversamos con Math\u00edas Mailhos, presidente de nuestra cooperativa socia, sobre las implicancias de esta uni\u00f3n y el 15\u00b0 aniversario de COPAGRAN, que se celebra este a\u00f1o.<br><\/p>\n\n\n\n<p>\u201cCon la fusi\u00f3n se logr\u00f3 que la empresa CONUBER no cerrara y que sea posible mantener los puestos laborales para los funcionarios y la comunidad de Nuevo Berl\u00edn (R\u00edo Negro). Asimismo, los productores de la zona tienen nuevamente una cooperativa a la cual acercarse para que los ayuden a resolver sus problemas y as\u00ed mejorar su competitividad, prop\u00f3sito de <a href=\"http:\/\/www.copagran.com.uy\/\">COPAGRAN<\/a>, y de la cual son miembros plenos, lo que implica que aportan a la toma de decisiones \u2013son electores y elegibles- y que tienen acceso a beneficios comerciales, o sea que al final del d\u00eda, el negocio que hacen lo hacen con ellos mismos\u201d, explic\u00f3 Mailhos a CAF.<br><\/p>\n\n\n\n<p>Inserta en los departamentos de Paysand\u00fa, R\u00edo Negro, Soriano y Colonia, COPAGRAN nuclea la actividad de m\u00e1s de 3.000 productores agr\u00edcolas, ganaderos y lecheros, entre otros rubros. \u201cAl unirse con CONUBER, fortalece su infraestructura incorporando una planta de acopio de 10.000 toneladas de grano, galponer\u00eda de gran escala y una sede comercial en una regi\u00f3n de tradici\u00f3n agr\u00edcola ganadera\u201d, se\u00f1ala el comunicado de la cooperativa publicado en su sitio web.<br><\/p>\n\n\n\n<div class=\"wp-block-image\"><figure class=\"aligncenter size-large is-resized\"><img fetchpriority=\"high\" decoding=\"async\" src=\"https:\/\/caf.org.uy\/caf\/wp-content\/uploads\/2020\/06\/1-611x480.jpg\" alt=\"\" class=\"wp-image-6345\" width=\"375\" height=\"294\" srcset=\"https:\/\/caf.org.uy\/caf\/wp-content\/uploads\/2020\/06\/1-611x480.jpg 611w, https:\/\/caf.org.uy\/caf\/wp-content\/uploads\/2020\/06\/1-395x310.jpg 395w, https:\/\/caf.org.uy\/caf\/wp-content\/uploads\/2020\/06\/1-768x603.jpg 768w, https:\/\/caf.org.uy\/caf\/wp-content\/uploads\/2020\/06\/1-1000x786.jpg 1000w, https:\/\/caf.org.uy\/caf\/wp-content\/uploads\/2020\/06\/1.jpg 1442w\" sizes=\"(max-width: 375px) 100vw, 375px\" \/><figcaption>Math\u00edas Mailhos y Alberto Cibils (COPAGRAN)<\/figcaption><\/figure><\/div>\n\n\n\n<p><strong>\u201cNo nos hace bien que las cooperativas se nos caigan\u201d<\/strong><br><\/p>\n\n\n\n<p>El proceso de fusi\u00f3n inici\u00f3 en el oto\u00f1o de 2016. \u201cProductores vinculados a la Directiva de CONUBER vinieron a preguntarnos c\u00f3mo pod\u00edamos darles una mano porque ve\u00edan que la cooperativa iba perdiendo capacidad de negocio. Concluimos que el camino era la fusi\u00f3n, pero como sab\u00edamos que el proceso ser\u00eda lento, realizamos un acuerdo comercial a trav\u00e9s del cual CONUBER nos vendi\u00f3 servicios durante 2 a\u00f1os, mientras que desde COPAGRAN invertimos dinero, know how y horas de trabajo para que todo funcionara\u201d, recuerda el Directivo.<br><\/p>\n\n\n\n<p>En el marco de este acuerdo, COPAGRAN realiz\u00f3 un soporte financiero y t\u00e9cnico de la planta de acopio, y de la estructura en general de la cooperativa, lo que posibilit\u00f3 que volviera a funcionar, y los productores socios de CONUBER pudieron acceder a todos los planes comerciales y de asesoramiento t\u00e9cnico de COPAGRAN.<br><\/p>\n\n\n\n<p>\u201cNo es bueno que las cooperativas se nos caigan, por eso en COPAGRAN consideramos tan importante encontrar una soluci\u00f3n para CONUBER. Cuando tomamos conocimiento de su situaci\u00f3n, lo primero que hicimos fue un an\u00e1lisis costo versus beneficio, y evaluamos que aunque terminemos empatando, el negocio nos sirve, porque le sirve a todo el sistema cooperativo agrario\u201d, valor\u00f3.<\/p>\n\n\n\n<p><strong>Celebrar el camino recorrido, con la mirada en el futuro<\/strong><br><\/p>\n\n\n\n<p>En 2020, COPAGRAN celebra su 15\u00b0 aniversario recordando su historia y apostando siempre por la uni\u00f3n cooperativa como camino para mejorar la competitividad de sus productores socios.<br><\/p>\n\n\n\n<p>\u201cEn los comienzos del 2000, hab\u00eda 10 cooperativas con problemas similares, entonces un grupo de Directivos visionarios consider\u00f3 que la soluci\u00f3n era sumarse para ganar escala, logrando en 2005 concretar la fusi\u00f3n. Esto fue muy desafiante porque implic\u00f3 aprender a trabajar juntos en una l\u00f3gica nueva, pero lo hemos logrado. Sabemos que en la uni\u00f3n nos fortalecemos y que lo m\u00e1s importante es cuidar el equilibro necesario para que las decisiones que se toman de forma centralizada respondan a los intereses de los productores que est\u00e1n en las chacras\u201d, se\u00f1al\u00f3 el presidente.<br><\/p>\n\n\n\n<p>Siempre con la mirada en el futuro, la cooperativa prev\u00e9 una forma particular de celebrar su aniversario. \u201cCuando cumplimos 10 a\u00f1os, una delegaci\u00f3n conformada por Directivos y Gerentes de COPAGRAN viajamos a la Universidad de Missouri (Estados Unidos) para capacitarnos en diversos aspectos vinculados al cooperativismo. Este a\u00f1o pensamos replicar la experiencia en Argentina, junto a la Asociaci\u00f3n de Cooperativas Argentinas (ACA) y Agricultores Federados Argentinos (AFA). Adem\u00e1s de aprender y detectar oportunidades de mejora, apostamos a estos espacios como estrategia para unir al grupo, formar nuevos directivos y visualizar oportunidades de negocios con otros pa\u00edses\u201d, concluy\u00f3 Mailhos.<br><\/p>\n\n\n\n<p><strong>COPAGRAN. Una cooperativa que crece desde la base y apostando siempre por la uni\u00f3n y el aprendizaje.<\/strong><\/p>\n","protected":false},"excerpt":{"rendered":"<p>En junio se complet\u00f3 la fusi\u00f3n por absorci\u00f3n de la Cooperativa Agraria Nuevo Berl\u00edn (CONUBER) con COPAGRAN. En CAF conversamos con Math\u00edas Mailhos, presidente de nuestra cooperativa socia, sobre las &hellip; <a class=\"readmore\" href=\"https:\/\/caf.org.uy\/caf\/copagran-en-la-union-nos-fortalecemos\/\">Seguir leyendo &rarr;<\/a><\/p>\n","protected":false},"author":5,"featured_media":6345,"comment_status":"open","ping_status":"closed","sticky":false,"template":"","format":"standard","meta":{"csbAdvScrollBarCursor":"","footnotes":""},"categories":[22,2,42],"tags":[],"class_list":["post-6344","post","type-post","status-publish","format-standard","has-post-thumbnail","hentry","category-cooperativismo","category-noticias","category-portada"],"_links":{"self":[{"href":"https:\/\/caf.org.uy\/caf\/wp-json\/wp\/v2\/posts\/6344","targetHints":{"allow":["GET"]}}],"collection":[{"href":"https:\/\/caf.org.uy\/caf\/wp-json\/wp\/v2\/posts"}],"about":[{"href":"https:\/\/caf.org.uy\/caf\/wp-json\/wp\/v2\/types\/post"}],"author":[{"embeddable":true,"href":"https:\/\/caf.org.uy\/caf\/wp-json\/wp\/v2\/users\/5"}],"replies":[{"embeddable":true,"href":"https:\/\/caf.org.uy\/caf\/wp-json\/wp\/v2\/comments?post=6344"}],"version-history":[{"count":2,"href":"https:\/\/caf.org.uy\/caf\/wp-json\/wp\/v2\/posts\/6344\/revisions"}],"predecessor-version":[{"id":6347,"href":"https:\/\/caf.org.uy\/caf\/wp-json\/wp\/v2\/posts\/6344\/revisions\/6347"}],"wp:featuredmedia":[{"embeddable":true,"href":"https:\/\/caf.org.uy\/caf\/wp-json\/wp\/v2\/media\/6345"}],"wp:attachment":[{"href":"https:\/\/caf.org.uy\/caf\/wp-json\/wp\/v2\/media?parent=6344"}],"wp:term":[{"taxonomy":"category","embeddable":true,"href":"https:\/\/caf.org.uy\/caf\/wp-json\/wp\/v2\/categories?post=6344"},{"taxonomy":"post_tag","embeddable":true,"href":"https:\/\/caf.org.uy\/caf\/wp-json\/wp\/v2\/tags?post=6344"}],"curies":[{"name":"wp","href":"https:\/\/api.w.org\/{rel}","templated":true}]}}