{"id":6329,"date":"2020-05-27T15:23:08","date_gmt":"2020-05-27T15:23:08","guid":{"rendered":"http:\/\/www.caf.org.uy\/site\/?p=6329"},"modified":"2020-05-27T15:23:08","modified_gmt":"2020-05-27T15:23:08","slug":"cooperativas-agrarias-federadas-realizo-planteos-sobre-la-luc-en-el-parlamento","status":"publish","type":"post","link":"https:\/\/caf.org.uy\/caf\/cooperativas-agrarias-federadas-realizo-planteos-sobre-la-luc-en-el-parlamento\/","title":{"rendered":"CAF realiz\u00f3 planteos sobre la LUC en el Parlamento"},"content":{"rendered":"\n<p>Una delegaci\u00f3n encabezada por el Presidente de CAF, Pablo Perdomo, compareci\u00f3 el viernes 22 de mayo en la Comisi\u00f3n Especial para el estudio del proyecto de Ley con declaratoria de urgente consideraci\u00f3n (LUC) de la C\u00e1mara de Senadores. All\u00ed present\u00f3 la posici\u00f3n de CAF sobre temas como \u00c1reas Protegidas, MEVIR, Institutos agropecuarios, Relaciones Laborales y Compras P\u00fablicas, entre otros.<br \/><\/p>\n\n\n<p>Cooperativas Agrarias Federadas es la \u00fanica federaci\u00f3n de alcance nacional de cooperativas en el sector agrario. En ese sentido, las consideraciones expuestas ante los legisladores representan la visi\u00f3n de una red integrada por m\u00e1s de 20 cooperativas agrarias del Uruguay con m\u00e1s de 10.000 productores asociados y 4.000 trabajadores.<br \/><\/p>\n\n\n<p>En primer lugar, Perdomo \u2013quien asisti\u00f3 acompa\u00f1ado por la tesorera y el gerente de su Federaci\u00f3n, Stefan\u00eda Silveyra y Luis Frachia, respectivamente- expres\u00f3 que, dada la cantidad de art\u00edculos y tem\u00e1ticas que aborda la LUC, no es posible para la Federaci\u00f3n definir una posici\u00f3n global a favor o en contra. \u201cHay art\u00edculos con los que coincidimos, y otros con lo que no. Adem\u00e1s, hay art\u00edculos que no son motivo de an\u00e1lisis para CAF\u201d.<br \/><\/p>\n\n\n<div class=\"wp-block-image\"><figure class=\"aligncenter size-large is-resized\"><img fetchpriority=\"high\" decoding=\"async\" src=\"http:\/\/www.caf.org.uy\/site\/wp-content\/uploads\/2020\/05\/foto_caf-549x480.jpg\" alt=\"\" class=\"wp-image-6330\" width=\"334\" height=\"292\" srcset=\"https:\/\/caf.org.uy\/caf\/wp-content\/uploads\/2020\/05\/foto_caf-549x480.jpg 549w, https:\/\/caf.org.uy\/caf\/wp-content\/uploads\/2020\/05\/foto_caf-355x310.jpg 355w, https:\/\/caf.org.uy\/caf\/wp-content\/uploads\/2020\/05\/foto_caf-768x671.jpg 768w, https:\/\/caf.org.uy\/caf\/wp-content\/uploads\/2020\/05\/foto_caf-1000x874.jpg 1000w, https:\/\/caf.org.uy\/caf\/wp-content\/uploads\/2020\/05\/foto_caf.jpg 1200w\" sizes=\"(max-width: 334px) 100vw, 334px\" \/><\/figure><\/div>\n\n\n<p><strong>Los planteos de CAF<\/strong><br \/><\/p>\n\n\n<p><strong>MEVIR:<\/strong> Perdomo hizo referencia al art\u00edculo de la LUC que propone ampliar la actuaci\u00f3n de MEVIR \u2013creada con el objetivo de erradicar la vivienda insalubre en el medio rural- al departamento de Montevideo y a centros poblados del interior del pa\u00eds. \u201cConsideramos que ello desnaturalizar\u00eda el prop\u00f3sito de MEVIR, reconocido por contar con una metodolog\u00eda espec\u00edfica y especializada en el trabajo con poblaci\u00f3n rural\u201d, dijo. Tambi\u00e9n record\u00f3 que existen alternativas para dar soluciones habitacionales a la poblaci\u00f3n urbana, como las cooperativas de vivienda.<br \/><\/p>\n\n\n<p>En el intercambio entre los senadores y la delegaci\u00f3n de CAF, el legislador Adri\u00e1n Pe\u00f1a manifest\u00f3 al respecto que el texto final de la LUC est\u00e1 en sinton\u00eda con el planteo de CAF. \u201cCompartimos la idea de no afectar el objetivo primigenio de MEVIR, en la medida que ha funcionado bien y queremos mantenerlo\u201d, expres\u00f3.<br \/><\/p>\n\n\n<p><strong>\u00c1reas naturales protegidas:<\/strong> La LUC incluye un art\u00edculo que plantea que aquellas \u00e1reas naturales que re\u00fanan las condiciones para ser protegidas, deban contar con el consentimiento del privado para ser integradas al Sistema Nacional de \u00c1reas Protegidas (SNAP).<br \/><\/p>\n\n\n<p>Al respecto, el presidente de CAF manifest\u00f3 la importancia de reforzar y defender al SNAP, siendo que las \u00e1reas protegidas son un activo estrat\u00e9gico para el pa\u00eds. Tambi\u00e9n se\u00f1al\u00f3: \u201csi bien consideramos correcto que el Estado pueda accionar sobre las posibles \u00e1reas a preservar, esto debe ocurrir manteniendo el justo equilibrio entre la propiedad privada y el inter\u00e9s general\u201d.<br \/><\/p>\n\n\n<p>Estos art\u00edculos del proyecto de Ley estar\u00edan siendo modificados a nivel Parlamentario, en funci\u00f3n de las discrepancias que han suscitado en diversas organizaciones.<br \/><\/p>\n\n\n<p><strong>Sobre la creaci\u00f3n de nuevos Institutos en el \u00e1mbito agropecuario:<\/strong> El presidente de CAF resalt\u00f3 la importancia de que los Institutos funcionen \u201cde manera \u00e1gil y eficiente\u201d. Se\u00f1al\u00f3 que CAF est\u00e1 a las \u00f3rdenes para aportar en la construcci\u00f3n del Instituto Nacional de la Granja y remarc\u00f3 que la discusi\u00f3n en torno a la creaci\u00f3n del Instituto Nacional de Bienestar Animal debe contemplar tambi\u00e9n que el bienestar animal es una de las principales barreras para-arancelarias de los mercados de alimentos.<br \/><\/p>\n\n\n<p>Sobre la creaci\u00f3n de INAGRA, el senador Pe\u00f1a expres\u00f3 que es necesario darse m\u00e1s tiempo para intercambiar con los actores involucrados sobre los competidos, competencias y conformaci\u00f3n de este Instituto, entre otros aspectos.<br \/><\/p>\n\n\n<p><strong>Sobre INAC:<\/strong> En consonancia con la posici\u00f3n de la Junta de INAC, CAF propuso derogar la Ley N\u00b0 19.782, que autoriza la elaboraci\u00f3n de productos c\u00e1rnicos embutidos artesanales a las carnicer\u00edas de corte de todo el pa\u00eds, entre otros puntos planteados.<br \/><\/p>\n\n\n<p><strong>Relaciones Laborales:<\/strong> En relaci\u00f3n a los art\u00edculos 397 y 491 de la LUC -que regulan el derecho a la huelga y declaran ileg\u00edtimos los piquetes realizados en espacios p\u00fablicos o privados que afecten la libre circulaci\u00f3n de personas-, el presidente de CAF enfatiz\u00f3 que \u201cconstituyen un avance en las garant\u00edas de los derechos de las partes involucradas en el \u00e1mbito de las Relaciones Laborales\u201d.<br \/><\/p>\n\n\n<p><strong>Compras P\u00fablicas:<\/strong> El borrador de la LUC establece que el Estado podr\u00e1 contratar directamente \u201ccuando el monto de la operaci\u00f3n no exceda de $ 200.000\u201d. Al respecto, el presidente de CAF solicit\u00f3 que se incorpore expl\u00edcitamente a las cooperativas en una de las 30 excepciones planteadas a lo anterior, que habilita a que el Ministerio de Desarrollo Social contrate bienes o servicios \u201ccon asociaciones u organizaciones civiles sin fines de lucro, en el marco de planes definidos mediante convenios o acuerdos espec\u00edficos\u201d.<\/p>\n\n\n<p>Adjuntamos versi\u00f3n taquigr\u00e1fica de la comparecencia de CAF en el Senado. <\/p>\n\n\n<p><\/p>\n\n\n<div class=\"wp-block-file\"><a href=\"http:\/\/www.caf.org.uy\/site\/wp-content\/uploads\/2020\/05\/Parlamento-LUC-22-5.pdf\">Parlamento-LUC-22-5<\/a><a href=\"http:\/\/www.caf.org.uy\/site\/wp-content\/uploads\/2020\/05\/Parlamento-LUC-22-5.pdf\" class=\"wp-block-file__button\" download>Descarga<\/a><\/div>\n","protected":false},"excerpt":{"rendered":"<p>Una delegaci\u00f3n encabezada por el Presidente de CAF, Pablo Perdomo, compareci\u00f3 el viernes 22 de mayo en la Comisi\u00f3n Especial para el estudio del proyecto de Ley con declaratoria de &hellip; <a class=\"readmore\" href=\"https:\/\/caf.org.uy\/caf\/cooperativas-agrarias-federadas-realizo-planteos-sobre-la-luc-en-el-parlamento\/\">Seguir leyendo &rarr;<\/a><\/p>\n","protected":false},"author":1,"featured_media":6330,"comment_status":"open","ping_status":"closed","sticky":false,"template":"","format":"standard","meta":{"csbAdvScrollBarCursor":"","footnotes":""},"categories":[20,2,42],"tags":[],"class_list":["post-6329","post","type-post","status-publish","format-standard","has-post-thumbnail","hentry","category-institucional-gremial","category-noticias","category-portada"],"_links":{"self":[{"href":"https:\/\/caf.org.uy\/caf\/wp-json\/wp\/v2\/posts\/6329","targetHints":{"allow":["GET"]}}],"collection":[{"href":"https:\/\/caf.org.uy\/caf\/wp-json\/wp\/v2\/posts"}],"about":[{"href":"https:\/\/caf.org.uy\/caf\/wp-json\/wp\/v2\/types\/post"}],"author":[{"embeddable":true,"href":"https:\/\/caf.org.uy\/caf\/wp-json\/wp\/v2\/users\/1"}],"replies":[{"embeddable":true,"href":"https:\/\/caf.org.uy\/caf\/wp-json\/wp\/v2\/comments?post=6329"}],"version-history":[{"count":0,"href":"https:\/\/caf.org.uy\/caf\/wp-json\/wp\/v2\/posts\/6329\/revisions"}],"wp:featuredmedia":[{"embeddable":true,"href":"https:\/\/caf.org.uy\/caf\/wp-json\/wp\/v2\/media\/6330"}],"wp:attachment":[{"href":"https:\/\/caf.org.uy\/caf\/wp-json\/wp\/v2\/media?parent=6329"}],"wp:term":[{"taxonomy":"category","embeddable":true,"href":"https:\/\/caf.org.uy\/caf\/wp-json\/wp\/v2\/categories?post=6329"},{"taxonomy":"post_tag","embeddable":true,"href":"https:\/\/caf.org.uy\/caf\/wp-json\/wp\/v2\/tags?post=6329"}],"curies":[{"name":"wp","href":"https:\/\/api.w.org\/{rel}","templated":true}]}}