{"id":6299,"date":"2020-04-23T17:19:21","date_gmt":"2020-04-23T17:19:21","guid":{"rendered":"http:\/\/www.caf.org.uy\/site\/?p=6299"},"modified":"2020-04-23T17:19:21","modified_gmt":"2020-04-23T17:19:21","slug":"cariplal-dona-productos-de-higiene-a-11-escuelas-rurales-de-san-jose","status":"publish","type":"post","link":"https:\/\/caf.org.uy\/caf\/cariplal-dona-productos-de-higiene-a-11-escuelas-rurales-de-san-jose\/","title":{"rendered":"CARIPLAL dona productos de higiene a 13 escuelas rurales"},"content":{"rendered":"\n<p>Nuestra cooperativa socia CARIPLAL efectiviz\u00f3 una donaci\u00f3n de productos de limpieza e higiene a 13 escuelas rurales del departamento de San Jos\u00e9. La medida impact\u00f3 directamente en ni\u00f1os de las zonas de Rafael Perazza, Rinc\u00f3n del Pino y las Colonias Damon, Fern\u00e1ndez Crespo y Alonso Monta\u00f1o.<br \/><\/p>\n\n\n<p>\u201cLa idea surgi\u00f3 cuando nos enteramos que algunas escuelas rurales de nuestro departamento retomar\u00edan las clases. Ah\u00ed definimos contactar a los referentes de cada instituci\u00f3n afectada por la medida para ofrecerles esta ayuda. Todos agradecieron much\u00edsimo el gesto e incluso esa noche me llam\u00f3 la Inspectora Departamental de Primaria para decirnos que les pon\u00eda muy contentos que hubiera empresas que pensaran en ayudar\u201d, dijo Soledad Almenares, gerenta general de la cooperativa.<br \/><\/p>\n\n\n<p>\u201cPreparamos las canastas, cargamos nuestro cami\u00f3n y esta semana tres integrantes de la cooperativa salimos a recorrer escuelas y a llevar la donaci\u00f3n. Autom\u00e1ticamente nos empezaron a llegar mensajes de agradecimiento e incluso en una de las escuelas nos esperaron con un cartel a la entrada. No puedo explicar la emoci\u00f3n que sent\u00ed en ese momento\u201d, cont\u00f3.<br \/><\/p>\n\n\n<p>Las escuelas que recibieron la donaci\u00f3n de la cooperativa tienen entre 5 y 52 alumnos cada una. \u201cNos quedamos con una alegr\u00eda enorme de saber que pudimos aportar nuestro granito de arena en esta situaci\u00f3n. Tenemos la convicci\u00f3n de que la uni\u00f3n hace la fuerza, y unidos vamos a salir adelante\u201d, valor\u00f3 Soledad.<br \/><\/p>\n\n\n<div class=\"wp-block-image\"><figure class=\"aligncenter size-large is-resized\"><img fetchpriority=\"high\" decoding=\"async\" src=\"http:\/\/www.caf.org.uy\/site\/wp-content\/uploads\/2020\/04\/1-640x480.jpg\" alt=\"\" class=\"wp-image-6300\" width=\"316\" height=\"237\" srcset=\"https:\/\/caf.org.uy\/caf\/wp-content\/uploads\/2020\/04\/1-640x480.jpg 640w, https:\/\/caf.org.uy\/caf\/wp-content\/uploads\/2020\/04\/1-413x310.jpg 413w, https:\/\/caf.org.uy\/caf\/wp-content\/uploads\/2020\/04\/1-768x576.jpg 768w, https:\/\/caf.org.uy\/caf\/wp-content\/uploads\/2020\/04\/1.jpg 960w\" sizes=\"(max-width: 316px) 100vw, 316px\" \/><\/figure><\/div>\n\n\n<p><strong>\u201cAdaptarse a los nuevos tiempos, priorizando siempre la salud de las personas\u201d<\/strong><br \/><\/p>\n\n\n<p>\u201cEn el marco de la crisis sanitaria que afecta al pa\u00eds, en CARIPLAL hemos tomado distintas medidas para maximizar el cuidado de la salud de nuestros colaboradores y clientes. Por ejemplo, dividimos a los empleados en grupos y nos vamos turnando para trabajar dentro de la empresa. Tambi\u00e9n incentivamos las entregas de pedidos a domicilio e incrementamos las reglas de higiene en el local, por ejemplo, controlando la cantidad de personas que ingresan al supermercado y entregando un tapabocas a cada una de ellas\u201d, se\u00f1al\u00f3.<br \/><\/p>\n\n\n<p>Adem\u00e1s de la pandemia del COVID-19, el sector agrario uruguayo atraves\u00f3 recientemente una situaci\u00f3n de d\u00e9ficit h\u00eddrico, que impact\u00f3 especialmente en la zona de influencia de la cooperativa CARIPLAL. \u201cEn ese sentido, estamos tambi\u00e9n atentos a c\u00f3mo ser\u00e1n los rendimientos de nuestros socios cuando empiecen a cosechar ma\u00edz y soja\u201d, dijo la gerenta.<\/p>\n\n\n<p><strong>Sobre Cariplal<\/strong><br \/><\/p>\n\n\n<p>Fundada en 1960, CARIPLAL est\u00e1 ubicada en la zona de Rinc\u00f3n del Pino, en el departamento de San Jos\u00e9, y cuenta con unos 280 asociados. Se dedica a la compra y venta de granos, semillas, fertilizantes y todos los insumos necesarios para el agro. Tambi\u00e9n cuenta con ferreter\u00eda, venta de productos veterinarios y un supermercado.<br \/><\/p>\n\n\n<p>\u201cEn total tenemos unos 1.000 clientes, a los que asistimos con nuestros servicios. Dentro de nuestro pueblo, en el que vivimos unas 2.000 personas, somos el supermercado m\u00e1s grande\u201d, concluy\u00f3 Almenares.<\/p>\n","protected":false},"excerpt":{"rendered":"<p>Nuestra cooperativa socia CARIPLAL efectiviz\u00f3 una donaci\u00f3n de productos de limpieza e higiene a 13 escuelas rurales del departamento de San Jos\u00e9. La medida impact\u00f3 directamente en ni\u00f1os de las &hellip; <a class=\"readmore\" href=\"https:\/\/caf.org.uy\/caf\/cariplal-dona-productos-de-higiene-a-11-escuelas-rurales-de-san-jose\/\">Seguir leyendo &rarr;<\/a><\/p>\n","protected":false},"author":1,"featured_media":6300,"comment_status":"open","ping_status":"closed","sticky":false,"template":"","format":"standard","meta":{"csbAdvScrollBarCursor":"","footnotes":""},"categories":[22,2,42],"tags":[],"class_list":["post-6299","post","type-post","status-publish","format-standard","has-post-thumbnail","hentry","category-cooperativismo","category-noticias","category-portada"],"_links":{"self":[{"href":"https:\/\/caf.org.uy\/caf\/wp-json\/wp\/v2\/posts\/6299","targetHints":{"allow":["GET"]}}],"collection":[{"href":"https:\/\/caf.org.uy\/caf\/wp-json\/wp\/v2\/posts"}],"about":[{"href":"https:\/\/caf.org.uy\/caf\/wp-json\/wp\/v2\/types\/post"}],"author":[{"embeddable":true,"href":"https:\/\/caf.org.uy\/caf\/wp-json\/wp\/v2\/users\/1"}],"replies":[{"embeddable":true,"href":"https:\/\/caf.org.uy\/caf\/wp-json\/wp\/v2\/comments?post=6299"}],"version-history":[{"count":0,"href":"https:\/\/caf.org.uy\/caf\/wp-json\/wp\/v2\/posts\/6299\/revisions"}],"wp:featuredmedia":[{"embeddable":true,"href":"https:\/\/caf.org.uy\/caf\/wp-json\/wp\/v2\/media\/6300"}],"wp:attachment":[{"href":"https:\/\/caf.org.uy\/caf\/wp-json\/wp\/v2\/media?parent=6299"}],"wp:term":[{"taxonomy":"category","embeddable":true,"href":"https:\/\/caf.org.uy\/caf\/wp-json\/wp\/v2\/categories?post=6299"},{"taxonomy":"post_tag","embeddable":true,"href":"https:\/\/caf.org.uy\/caf\/wp-json\/wp\/v2\/tags?post=6299"}],"curies":[{"name":"wp","href":"https:\/\/api.w.org\/{rel}","templated":true}]}}