{"id":6290,"date":"2020-04-03T18:33:21","date_gmt":"2020-04-03T18:33:21","guid":{"rendered":"https:\/\/caf.org.uy\/caf\/?p=6290"},"modified":"2020-05-11T14:35:24","modified_gmt":"2020-05-11T14:35:24","slug":"cooperativa-vicca-dona-mas-de-400-botellas-de-jugo-para-lucha-contra-coronavirus","status":"publish","type":"post","link":"https:\/\/caf.org.uy\/caf\/cooperativa-vicca-dona-mas-de-400-botellas-de-jugo-para-lucha-contra-coronavirus\/","title":{"rendered":"VICCA dona m\u00e1s de 400 botellas de jugo a lucha contra Coronavirus"},"content":{"rendered":"\n<p>Nuestra socia cooperativa Vicca ha donado m\u00e1s de 400 botellas de jugo de uva para las canastas solidarias de alimentos que el Ministerio de Desarrollo Social y la Intendencia de Canelones distribuir\u00e1n entre la poblaci\u00f3n m\u00e1s vulnerable de ese departamento. <br><\/p>\n\n\n\n<p>\u201cDe forma directa, la cooperativa don\u00f3 360 botellas de jugo de uva a las canastas solidarias que est\u00e1 organizando la Intendencia de Canelones. Adem\u00e1s nos sumamos a la campa\u00f1a de recolecci\u00f3n de alimentos que est\u00e1 realizando el Centro de Viticultores del Uruguay y a trav\u00e9s de ellos donamos otras 60 botellas para las mismas canastas\u201d, cont\u00f3 Adri\u00e1n Su\u00e1rez (presidente de <a href=\"http:\/\/www.establecimientosvicca.uy\/\">cooperativa Vicca<\/a>) a CAF. <br><\/p>\n\n\n\n<p>\u201cLa solidaridad es uno de los pilares fundamentales del cooperativismo. En Establecimientos Vicca hemos recibido mucho apoyo a lo largo de nuestra historia (del Gobierno, de instituciones como CAF y de diversas personas). Nos parece que este es momento de devolver parte de ese apoyo a la sociedad, dentro de nuestras posibilidades. Juntos saldremos delante de esta situaci\u00f3n\u201d, valor\u00f3 el productor. <br><\/p>\n\n\n\n<p><strong>Sobre la cooperativa<\/strong><br><\/p>\n\n\n\n<p>Establecimientos Vicca es una cooperativa vitivin\u00edcola conformada por 23 productores familiares situados en el departamento de Canelones, al Sur del territorio nacional (latitud 34).<br><\/p>\n\n\n\n<p>La clave de esta cooperativa es la integraci\u00f3n de sus productores, generando sinergia y alianzas estrat\u00e9gicas que permitan ofrecer productos de calidad superior y competir en mercados cada vez m\u00e1s exigentes.<\/p>\n","protected":false},"excerpt":{"rendered":"<p>Nuestra socia cooperativa Vicca ha donado m\u00e1s de 400 botellas de jugo de uva para las canastas solidarias de alimentos que el Ministerio de Desarrollo Social y la Intendencia de &hellip; <a class=\"readmore\" href=\"https:\/\/caf.org.uy\/caf\/cooperativa-vicca-dona-mas-de-400-botellas-de-jugo-para-lucha-contra-coronavirus\/\">Seguir leyendo &rarr;<\/a><\/p>\n","protected":false},"author":5,"featured_media":6291,"comment_status":"open","ping_status":"closed","sticky":false,"template":"","format":"standard","meta":{"csbAdvScrollBarCursor":"","footnotes":""},"categories":[22,2,42],"tags":[],"class_list":["post-6290","post","type-post","status-publish","format-standard","has-post-thumbnail","hentry","category-cooperativismo","category-noticias","category-portada"],"_links":{"self":[{"href":"https:\/\/caf.org.uy\/caf\/wp-json\/wp\/v2\/posts\/6290","targetHints":{"allow":["GET"]}}],"collection":[{"href":"https:\/\/caf.org.uy\/caf\/wp-json\/wp\/v2\/posts"}],"about":[{"href":"https:\/\/caf.org.uy\/caf\/wp-json\/wp\/v2\/types\/post"}],"author":[{"embeddable":true,"href":"https:\/\/caf.org.uy\/caf\/wp-json\/wp\/v2\/users\/5"}],"replies":[{"embeddable":true,"href":"https:\/\/caf.org.uy\/caf\/wp-json\/wp\/v2\/comments?post=6290"}],"version-history":[{"count":2,"href":"https:\/\/caf.org.uy\/caf\/wp-json\/wp\/v2\/posts\/6290\/revisions"}],"predecessor-version":[{"id":6315,"href":"https:\/\/caf.org.uy\/caf\/wp-json\/wp\/v2\/posts\/6290\/revisions\/6315"}],"wp:featuredmedia":[{"embeddable":true,"href":"https:\/\/caf.org.uy\/caf\/wp-json\/wp\/v2\/media\/6291"}],"wp:attachment":[{"href":"https:\/\/caf.org.uy\/caf\/wp-json\/wp\/v2\/media?parent=6290"}],"wp:term":[{"taxonomy":"category","embeddable":true,"href":"https:\/\/caf.org.uy\/caf\/wp-json\/wp\/v2\/categories?post=6290"},{"taxonomy":"post_tag","embeddable":true,"href":"https:\/\/caf.org.uy\/caf\/wp-json\/wp\/v2\/tags?post=6290"}],"curies":[{"name":"wp","href":"https:\/\/api.w.org\/{rel}","templated":true}]}}