{"id":6285,"date":"2020-03-31T16:19:03","date_gmt":"2020-03-31T16:19:03","guid":{"rendered":"http:\/\/www.caf.org.uy\/site\/?p=6285"},"modified":"2020-03-31T16:19:03","modified_gmt":"2020-03-31T16:19:03","slug":"cooperativas-agrarias-federadas-y-cooperativa-fucac-unen-esfuerzos-para-donar-180-000-kilos-de-trigo-a-lucha-contra-covid-19","status":"publish","type":"post","link":"https:\/\/caf.org.uy\/caf\/cooperativas-agrarias-federadas-y-cooperativa-fucac-unen-esfuerzos-para-donar-180-000-kilos-de-trigo-a-lucha-contra-covid-19\/","title":{"rendered":"CAF y Cooperativa FUCAC unen esfuerzos para donar 180.000 kilos de trigo a lucha contra Covid-19"},"content":{"rendered":"\n<p>En el marco de un acto de intercooperaci\u00f3n, Cooperativas Agrarias Federadas (CAF) y Cooperativa FUCAC donar\u00e1n 180.000 kilos de trigo al Fondo Coronavirus, creado por el Gobierno con el fin de atender a la poblaci\u00f3n nacional m\u00e1s vulnerable en el marco de la pandemia.<br \/><\/p>\n\n\n<p>La donaci\u00f3n se efectivizar\u00e1 ante el Ministerio de Desarrollo Social y el Sistema Nacional de Emergencias. El alimento se entregar\u00e1 en Montevideo, en bolsas de a quilo, de forma escalonada. \u201cEs una acci\u00f3n que nos enorgullece, porque supone un ejemplo de intercooperaci\u00f3n real y de impacto, a la vez que responde a valores intr\u00ednsecos del cooperativismo, como lo son la solidaridad y la responsabilidad. Es momento de sumar esfuerzos y trabajar juntos para salir adelante\u201d, se\u00f1alaron Pablo Perdomo y C\u00e9sar Bon\u00e9, presidente de CAF y Director Ejecutivo de Fundaci\u00f3n FUCAC, respectivamente. <br \/><\/p>\n\n\n<p><strong>Redoblando la apuesta<\/strong><br \/><\/p>\n\n\n<p>El s\u00e1bado 27 de marzo, CAF inform\u00f3 que  seis cooperativas agr\u00edcolas socias  (COPAGRAN, Uni\u00f3n Rural de Flores, CADOL, Calmer, Sociedad de Fomento Rural de Colonia Suiza y CRADECO) efectivizar\u00edan una donaci\u00f3n de m\u00e1s de 90.000 kilos de trigo al Fondo Coronavirus. Este lunes, FUCAC decidi\u00f3 sumarse a la iniciativa, donando al mismo Fondo, otros 90.000 kilos de trigo producido por las cooperativas.<br \/><\/p>\n\n\n<p>Asimismo, de este acto de intercooperaci\u00f3n tambi\u00e9n participan molinos cooperativos integrantes de la Federaci\u00f3n de Cooperativas de Producci\u00f3n del Uruguay, que estar\u00e1n realizando la molienda, embolsado y distribuci\u00f3n de la materia prima.<br \/><\/p>\n\n\n<p>Esta acci\u00f3n solidaria se suma a otras que ya est\u00e1n realizando las Cooperativas Agrarias Federadas y FUCAC.<br \/><\/p>\n\n\n<p><strong>Sobre CAF y FUCAC<\/strong><br \/><\/p>\n\n\n<p>CAF es la \u00fanica Federaci\u00f3n que nuclea a las cooperativas agrarias del Uruguay y representa a m\u00e1s de 10.000 productores rurales, fundamentalmente de peque\u00f1a y mediana escala. <br \/><\/p>\n\n\n<p>FUCAC es una entidad de ahorro y cr\u00e9dito de naturaleza cooperativa, que se ha consolidado como l\u00edder en el mercado  teniendo 290.000 socios con presencia en todo el pa\u00eds.<\/p>\n","protected":false},"excerpt":{"rendered":"<p>En el marco de un acto de intercooperaci\u00f3n, Cooperativas Agrarias Federadas (CAF) y Cooperativa FUCAC donar\u00e1n 180.000 kilos de trigo al Fondo Coronavirus, creado por el Gobierno con el fin &hellip; <a class=\"readmore\" href=\"https:\/\/caf.org.uy\/caf\/cooperativas-agrarias-federadas-y-cooperativa-fucac-unen-esfuerzos-para-donar-180-000-kilos-de-trigo-a-lucha-contra-covid-19\/\">Seguir leyendo &rarr;<\/a><\/p>\n","protected":false},"author":1,"featured_media":6286,"comment_status":"open","ping_status":"closed","sticky":false,"template":"","format":"standard","meta":{"csbAdvScrollBarCursor":"","footnotes":""},"categories":[22,2,42],"tags":[],"class_list":["post-6285","post","type-post","status-publish","format-standard","has-post-thumbnail","hentry","category-cooperativismo","category-noticias","category-portada"],"_links":{"self":[{"href":"https:\/\/caf.org.uy\/caf\/wp-json\/wp\/v2\/posts\/6285","targetHints":{"allow":["GET"]}}],"collection":[{"href":"https:\/\/caf.org.uy\/caf\/wp-json\/wp\/v2\/posts"}],"about":[{"href":"https:\/\/caf.org.uy\/caf\/wp-json\/wp\/v2\/types\/post"}],"author":[{"embeddable":true,"href":"https:\/\/caf.org.uy\/caf\/wp-json\/wp\/v2\/users\/1"}],"replies":[{"embeddable":true,"href":"https:\/\/caf.org.uy\/caf\/wp-json\/wp\/v2\/comments?post=6285"}],"version-history":[{"count":0,"href":"https:\/\/caf.org.uy\/caf\/wp-json\/wp\/v2\/posts\/6285\/revisions"}],"wp:featuredmedia":[{"embeddable":true,"href":"https:\/\/caf.org.uy\/caf\/wp-json\/wp\/v2\/media\/6286"}],"wp:attachment":[{"href":"https:\/\/caf.org.uy\/caf\/wp-json\/wp\/v2\/media?parent=6285"}],"wp:term":[{"taxonomy":"category","embeddable":true,"href":"https:\/\/caf.org.uy\/caf\/wp-json\/wp\/v2\/categories?post=6285"},{"taxonomy":"post_tag","embeddable":true,"href":"https:\/\/caf.org.uy\/caf\/wp-json\/wp\/v2\/tags?post=6285"}],"curies":[{"name":"wp","href":"https:\/\/api.w.org\/{rel}","templated":true}]}}