{"id":6274,"date":"2020-03-28T16:58:33","date_gmt":"2020-03-28T16:58:33","guid":{"rendered":"http:\/\/www.caf.org.uy\/site\/?p=6274"},"modified":"2020-03-28T16:58:33","modified_gmt":"2020-03-28T16:58:33","slug":"caf-donara-mas-de-90-toneladas-de-trigo-para-apoyar-la-lucha-contra-el-coronavirus","status":"publish","type":"post","link":"https:\/\/caf.org.uy\/caf\/caf-donara-mas-de-90-toneladas-de-trigo-para-apoyar-la-lucha-contra-el-coronavirus\/","title":{"rendered":"CAF donar\u00e1 m\u00e1s de 90 toneladas de trigo para apoyar la lucha contra el Coronavirus"},"content":{"rendered":"\n<p>Seis cooperativas agr\u00edcolas socias de Cooperativas Agrarias Federadas efectivizar\u00e1n una donaci\u00f3n de m\u00e1s de 90 toneladas de trigo al Fondo Coronavirus, creado por el Gobierno con el fin de atender a la poblaci\u00f3n nacional m\u00e1s vulnerable en el marco de la pandemia. <br \/><\/p>\n\n\n<p>\u201cLa donaci\u00f3n se efectivizar\u00e1 ante el Ministerio de Desarrollo Social y el Sistema Nacional de Emergencias. El alimento se entregar\u00e1 en Montevideo, en bolsas de a quilo, de forma escalonada\u201d explic\u00f3 Pablo Perdomo, presidente de CAF. <br \/><\/p>\n\n\n<p>Las cooperativas agr\u00edcolas que participan de esta iniciativa son COPAGRAN, Uni\u00f3n Rural de Flores, CADOL, Calmer, Sociedad de Fomento Rural de Colonia Suiza y CRADECO. Asimismo, en un acto de intercooperaci\u00f3n, tambi\u00e9n participan los molinos cooperativos Santa Rosa y Florida (integrantes de la Federaci\u00f3n de Cooperativas de Producci\u00f3n del Uruguay), que honorariamente estar\u00e1n realizando la molienda, embolsado y distribuci\u00f3n de la materia prima.  <br \/><\/p>\n\n\n<p>Esta acci\u00f3n solidaria se suma a otras que ya est\u00e1n realizando las cooperativas socias de CAF, vinculadas a la donaci\u00f3n de alimentos. <br \/><\/p>\n\n\n<p><strong>Sobre CAF <\/strong><br \/><\/p>\n\n\n<p>CAF es la \u00fanica Federaci\u00f3n que nuclea a las cooperativas agrarias del Uruguay y representa a m\u00e1s de 10.000 productores rurales, fundamentalmente de peque\u00f1a y mediana escala. Como agente econ\u00f3mico tiene una importante gravitaci\u00f3n en la econom\u00eda del pa\u00eds, sobre diferentes cadenas de valor agroindustrial y agroalimentarias: ganader\u00eda, agricultura, lecher\u00eda, granja y floricultura. <br \/><\/p>\n\n\n<p><strong><a href=\"http:\/\/www.caf.org.uy\/site\/wp-content\/uploads\/2020\/03\/Comunicado-CAF-23.3.pdf\">Ver aqu\u00ed comunicado de CAF sobre la lucha contra el coronavirus<\/a><\/strong>.<\/p>\n","protected":false},"excerpt":{"rendered":"<p>Seis cooperativas agr\u00edcolas socias de Cooperativas Agrarias Federadas efectivizar\u00e1n una donaci\u00f3n de m\u00e1s de 90 toneladas de trigo al Fondo Coronavirus, creado por el Gobierno con el fin de atender &hellip; <a class=\"readmore\" href=\"https:\/\/caf.org.uy\/caf\/caf-donara-mas-de-90-toneladas-de-trigo-para-apoyar-la-lucha-contra-el-coronavirus\/\">Seguir leyendo &rarr;<\/a><\/p>\n","protected":false},"author":1,"featured_media":6277,"comment_status":"open","ping_status":"closed","sticky":false,"template":"","format":"standard","meta":{"csbAdvScrollBarCursor":"","footnotes":""},"categories":[22,2,42],"tags":[],"class_list":["post-6274","post","type-post","status-publish","format-standard","has-post-thumbnail","hentry","category-cooperativismo","category-noticias","category-portada"],"_links":{"self":[{"href":"https:\/\/caf.org.uy\/caf\/wp-json\/wp\/v2\/posts\/6274","targetHints":{"allow":["GET"]}}],"collection":[{"href":"https:\/\/caf.org.uy\/caf\/wp-json\/wp\/v2\/posts"}],"about":[{"href":"https:\/\/caf.org.uy\/caf\/wp-json\/wp\/v2\/types\/post"}],"author":[{"embeddable":true,"href":"https:\/\/caf.org.uy\/caf\/wp-json\/wp\/v2\/users\/1"}],"replies":[{"embeddable":true,"href":"https:\/\/caf.org.uy\/caf\/wp-json\/wp\/v2\/comments?post=6274"}],"version-history":[{"count":0,"href":"https:\/\/caf.org.uy\/caf\/wp-json\/wp\/v2\/posts\/6274\/revisions"}],"wp:featuredmedia":[{"embeddable":true,"href":"https:\/\/caf.org.uy\/caf\/wp-json\/wp\/v2\/media\/6277"}],"wp:attachment":[{"href":"https:\/\/caf.org.uy\/caf\/wp-json\/wp\/v2\/media?parent=6274"}],"wp:term":[{"taxonomy":"category","embeddable":true,"href":"https:\/\/caf.org.uy\/caf\/wp-json\/wp\/v2\/categories?post=6274"},{"taxonomy":"post_tag","embeddable":true,"href":"https:\/\/caf.org.uy\/caf\/wp-json\/wp\/v2\/tags?post=6274"}],"curies":[{"name":"wp","href":"https:\/\/api.w.org\/{rel}","templated":true}]}}