{"id":6264,"date":"2020-03-23T12:33:15","date_gmt":"2020-03-23T12:33:15","guid":{"rendered":"http:\/\/www.caf.org.uy\/site\/?p=6264"},"modified":"2020-03-23T12:33:15","modified_gmt":"2020-03-23T12:33:15","slug":"un-momento-complejo-desafiante-de-profundas-reflexiones","status":"publish","type":"post","link":"https:\/\/caf.org.uy\/caf\/un-momento-complejo-desafiante-de-profundas-reflexiones\/","title":{"rendered":"\u00abUn momento complejo, desafiante, de profundas reflexiones\u00bb"},"content":{"rendered":"\n<p>Compartimos el comunicado a la opini\u00f3n p\u00fablica emitido por Cooperativas Agrarias Federadas este lunes 23 de marzo de 2020. <\/p>\n\n\n<p>\u00abLa situaci\u00f3n de emergencia sanitaria que atraviesa el Uruguay y el mundo nos ha puesto a prueba como Sociedad, nos ha llevado a reflexionar sobre la importancia de cuidarnos m\u00e1s los unos a los otros, de valorar lo que cada uno hace, de resignificar valores fundamentales como la solidaridad, la ayuda mutua y el trabajo en equipo, por los que tanto velamos los cooperativistas.<br \/><\/p>\n\n\n<p>Estos d\u00edas hemos visto desdibujarse las barreras que nos suelen separar y hemos tomado conciencia de que de esta situaci\u00f3n <strong>saldremos adelante juntos, apoyando y cuid\u00e1ndonos mutuamente<\/strong>. <br \/><\/p>\n\n\n<p>Las Cooperativas Agrarias Federadas (CAF) nucleamos a m\u00e1s de 10.000 productores rurales y 4.000 colaboradores. Queremos destacar el enorme esfuerzo que nuestras socias y el sector agro alimentario en general est\u00e1n realizando para garantizar el suministro de alimentos a la poblaci\u00f3n y extremar las medidas de seguridad para evitar la propagaci\u00f3n del virus. <strong>Somos plenamente conscientes de que no podemos parar, porque hay millones de sue\u00f1os que alimentar<\/strong>. <br \/><\/p>\n\n\n<p>Desde CAF hemos visto la responsabilidad con la que nuestras socias han reforzado sus protocolos de actuaci\u00f3n con el objetivo de garantizar la seguridad y salud de los productores rurales y los trabajadores, mientras cumplen su imprescindible labor de abastecimiento de productos alimenticios b\u00e1sicos. Todo esto tambi\u00e9n en el marco del d\u00e9ficit h\u00eddrico que afecta a gran parte del pa\u00eds. <br \/> <\/p>\n\n\n<p>A nuestras socias les recordamos que, tanto el Comit\u00e9 Ejecutivo como el equipo t\u00e9cnico de CAF, nos encontramos a entera disposici\u00f3n de forma telef\u00f3nica, v\u00eda mail o en forma virtual, para apoyarlos en todo lo que est\u00e9 a nuestro alcance.<br \/><\/p>\n\n\n<p>Al Uruguay, como organizaciones comprometidas con nuestra comunidad, queremos reforzarle el compromiso de las cooperativas agrarias de trabajar para garantizar el suministro alimentario. <br \/><\/p>\n\n\n<p><strong>Estamos juntos, unidos y saldremos adelante poniendo lo mejor de cada uno<\/strong>\u00ab.<\/p>\n\n\n<p><\/p>\n\n\n<p><strong>Descargue el comunicado aqu\u00ed: <\/strong><\/p>\n\n\n<div class=\"wp-block-file\"><a href=\"http:\/\/www.caf.org.uy\/site\/wp-content\/uploads\/2020\/03\/Comunicado-CAF-23.3.pdf\">Comunicado-CAF-23.3<\/a><a href=\"http:\/\/www.caf.org.uy\/site\/wp-content\/uploads\/2020\/03\/Comunicado-CAF-23.3.pdf\" class=\"wp-block-file__button\" download>Descarga<\/a><\/div>\n\n\n<p><\/p>\n\n\n<p><\/p>\n","protected":false},"excerpt":{"rendered":"<p>Compartimos el comunicado a la opini\u00f3n p\u00fablica emitido por Cooperativas Agrarias Federadas este lunes 23 de marzo de 2020. \u00abLa situaci\u00f3n de emergencia sanitaria que atraviesa el Uruguay y el &hellip; <a class=\"readmore\" href=\"https:\/\/caf.org.uy\/caf\/un-momento-complejo-desafiante-de-profundas-reflexiones\/\">Seguir leyendo &rarr;<\/a><\/p>\n","protected":false},"author":1,"featured_media":6270,"comment_status":"open","ping_status":"closed","sticky":false,"template":"","format":"standard","meta":{"csbAdvScrollBarCursor":"","footnotes":""},"categories":[2,42],"tags":[],"class_list":["post-6264","post","type-post","status-publish","format-standard","has-post-thumbnail","hentry","category-noticias","category-portada"],"_links":{"self":[{"href":"https:\/\/caf.org.uy\/caf\/wp-json\/wp\/v2\/posts\/6264","targetHints":{"allow":["GET"]}}],"collection":[{"href":"https:\/\/caf.org.uy\/caf\/wp-json\/wp\/v2\/posts"}],"about":[{"href":"https:\/\/caf.org.uy\/caf\/wp-json\/wp\/v2\/types\/post"}],"author":[{"embeddable":true,"href":"https:\/\/caf.org.uy\/caf\/wp-json\/wp\/v2\/users\/1"}],"replies":[{"embeddable":true,"href":"https:\/\/caf.org.uy\/caf\/wp-json\/wp\/v2\/comments?post=6264"}],"version-history":[{"count":0,"href":"https:\/\/caf.org.uy\/caf\/wp-json\/wp\/v2\/posts\/6264\/revisions"}],"wp:featuredmedia":[{"embeddable":true,"href":"https:\/\/caf.org.uy\/caf\/wp-json\/wp\/v2\/media\/6270"}],"wp:attachment":[{"href":"https:\/\/caf.org.uy\/caf\/wp-json\/wp\/v2\/media?parent=6264"}],"wp:term":[{"taxonomy":"category","embeddable":true,"href":"https:\/\/caf.org.uy\/caf\/wp-json\/wp\/v2\/categories?post=6264"},{"taxonomy":"post_tag","embeddable":true,"href":"https:\/\/caf.org.uy\/caf\/wp-json\/wp\/v2\/tags?post=6264"}],"curies":[{"name":"wp","href":"https:\/\/api.w.org\/{rel}","templated":true}]}}