{"id":6256,"date":"2020-03-17T14:35:11","date_gmt":"2020-03-17T14:35:11","guid":{"rendered":"http:\/\/www.caf.org.uy\/site\/?p=6256"},"modified":"2020-03-17T14:35:11","modified_gmt":"2020-03-17T14:35:11","slug":"comunicado-de-caf-por-covid-19","status":"publish","type":"post","link":"https:\/\/caf.org.uy\/caf\/comunicado-de-caf-por-covid-19\/","title":{"rendered":"Comunicado de Cooperativas Agrarias Federadas por COVID-19"},"content":{"rendered":"\n<p>Compartimos el comunicado a la opini\u00f3n p\u00fablica emitido por Cooperativas Agrarias Federadas a prop\u00f3sito del Covid- 19. <br \/><\/p>\n\n\n<p>Este documento incluye las resoluciones tomadas por el Comit\u00e9 Ejecutivo de CAF a efectos de orientar nuestro accionar y el de nuestras socias.<br \/><\/p>\n\n\n<p>\u201cEspecialmente, queremos destacar el enorme esfuerzo que est\u00e1n realizando nuestras cooperativas socias, que nuclean alrededor de 10.000 productores rurales y 4.000 colaboradores, para garantizar el suministro de alimentos a la poblaci\u00f3n y extremar las medidas de seguridad para evitar la propagaci\u00f3n del virus\u201d, sostiene.<\/p>\n\n\n<p><br \/> <strong>Descargue el comunicado aqu\u00ed:<\/strong><\/p>\n\n\n<div class=\"wp-block-file\"><a href=\"http:\/\/www.caf.org.uy\/site\/wp-content\/uploads\/2020\/03\/Comunicado-CAF-17032020.pdf\">Comunicado-CAF-17032020<\/a><a href=\"http:\/\/www.caf.org.uy\/site\/wp-content\/uploads\/2020\/03\/Comunicado-CAF-17032020.pdf\" class=\"wp-block-file__button\" download>Descarga<\/a><\/div>\n","protected":false},"excerpt":{"rendered":"<p>Compartimos el comunicado a la opini\u00f3n p\u00fablica emitido por Cooperativas Agrarias Federadas a prop\u00f3sito del Covid- 19. Este documento incluye las resoluciones tomadas por el Comit\u00e9 Ejecutivo de CAF a &hellip; <a class=\"readmore\" href=\"https:\/\/caf.org.uy\/caf\/comunicado-de-caf-por-covid-19\/\">Seguir leyendo &rarr;<\/a><\/p>\n","protected":false},"author":1,"featured_media":6271,"comment_status":"open","ping_status":"closed","sticky":false,"template":"","format":"standard","meta":{"csbAdvScrollBarCursor":"","footnotes":""},"categories":[2,42],"tags":[],"class_list":["post-6256","post","type-post","status-publish","format-standard","has-post-thumbnail","hentry","category-noticias","category-portada"],"_links":{"self":[{"href":"https:\/\/caf.org.uy\/caf\/wp-json\/wp\/v2\/posts\/6256","targetHints":{"allow":["GET"]}}],"collection":[{"href":"https:\/\/caf.org.uy\/caf\/wp-json\/wp\/v2\/posts"}],"about":[{"href":"https:\/\/caf.org.uy\/caf\/wp-json\/wp\/v2\/types\/post"}],"author":[{"embeddable":true,"href":"https:\/\/caf.org.uy\/caf\/wp-json\/wp\/v2\/users\/1"}],"replies":[{"embeddable":true,"href":"https:\/\/caf.org.uy\/caf\/wp-json\/wp\/v2\/comments?post=6256"}],"version-history":[{"count":0,"href":"https:\/\/caf.org.uy\/caf\/wp-json\/wp\/v2\/posts\/6256\/revisions"}],"wp:featuredmedia":[{"embeddable":true,"href":"https:\/\/caf.org.uy\/caf\/wp-json\/wp\/v2\/media\/6271"}],"wp:attachment":[{"href":"https:\/\/caf.org.uy\/caf\/wp-json\/wp\/v2\/media?parent=6256"}],"wp:term":[{"taxonomy":"category","embeddable":true,"href":"https:\/\/caf.org.uy\/caf\/wp-json\/wp\/v2\/categories?post=6256"},{"taxonomy":"post_tag","embeddable":true,"href":"https:\/\/caf.org.uy\/caf\/wp-json\/wp\/v2\/tags?post=6256"}],"curies":[{"name":"wp","href":"https:\/\/api.w.org\/{rel}","templated":true}]}}