{"id":6237,"date":"2020-02-27T17:57:34","date_gmt":"2020-02-27T17:57:34","guid":{"rendered":"http:\/\/www.caf.org.uy\/site\/?p=6237"},"modified":"2020-02-27T17:57:34","modified_gmt":"2020-02-27T17:57:34","slug":"mujeres-y-cooperativismo-agrario","status":"publish","type":"post","link":"https:\/\/caf.org.uy\/caf\/mujeres-y-cooperativismo-agrario\/","title":{"rendered":"Campa\u00f1a para redes sociales: \u00abMujeres y Cooperativismo agrario\u00bb"},"content":{"rendered":"\n<p><\/p>\n\n\n<p>En el marco del D\u00eda Internacional de la Mujer, que se conmemora el 8 de marzo, Cooperativas Agrarias Federadas invita a todos los integrantes de su Red a participar de la campa\u00f1a \u201cMujeres y Cooperativismo agrario\u201d, que realizaremos a trav\u00e9s de nuestras redes sociales. <strong><em>\u00a1Sumate, queremos mostrar que las mujeres tienen un lugar en el cooperativismo agrario!<\/em><\/strong><br \/> <\/p>\n\n\n<p><strong>\u00bfQui\u00e9nes y c\u00f3mo pueden participar?<\/strong><br \/> Pueden participar todos los integrantes de nuestras cooperativas socias (cooperativistas, colaboradores, y sus familiares directos).<br \/> <\/p>\n\n\n<p>Los invitamos a enviarnos<strong> fotos y videos cortos<\/strong> que muestren que las mujeres SON PARTE y TIENEN UN LUGAR en todas las tareas vinculadas a nuestras cooperativas agrarias (procesos productivos, industriales, administrativos, servicios, etc). <br \/> <\/p>\n\n\n<p>\u00a1Queremos transmitir que las cooperativas agrarias son un lugar propicio para que las mujeres desarrollen sus talentos y capacidades!<br \/> <\/p>\n\n\n<p><strong>\u00bfC\u00f3mo y d\u00f3nde enviar las fotos?<\/strong><br \/> \u2022    Las fotos y los videos se pueden enviar<strong> hasta el 25 de marzo<\/strong> al correo comunicacion@caf.org.uy.<\/p>\n\n\n<p>\u2022    En el cuerpo del mail se deben incluir los siguientes datos: Nombre y apellido del autor de la foto o video, T\u00edtulo de la misma y Cooperativa agraria a la que est\u00e1 vinculado\/a.<\/p>\n\n\n<p>\u2022    Las im\u00e1genes ser\u00e1n publicadas durante el mes de marzo en nuestros perfiles de Instagram y Facebook. En cada publicaci\u00f3n se indicar\u00e1 el nombre del autor y de la cooperativa de base. <\/p>\n\n\n<p>\u2022    Cualquier consulta, pueden comunicarse con la Lic. Victoria Uranga (responsable de Comunicaci\u00f3n de CAF) al tel\u00e9fono: 2900 00 12 o al e-mail: comunicacion@caf.org.uy<br \/> <\/p>\n\n\n<p><strong>\u00a1Hac\u00e9 que tu cooperativa est\u00e9 presente! <\/strong><\/p>\n\n\n<div class=\"wp-block-image\"><figure class=\"aligncenter size-large\"><img fetchpriority=\"high\" decoding=\"async\" width=\"480\" height=\"480\" src=\"http:\/\/www.caf.org.uy\/site\/wp-content\/uploads\/2020\/02\/mujeres-y-cooperativis-16-480x480.png\" alt=\"\" class=\"wp-image-6238\" srcset=\"https:\/\/caf.org.uy\/caf\/wp-content\/uploads\/2020\/02\/mujeres-y-cooperativis-16-480x480.png 480w, https:\/\/caf.org.uy\/caf\/wp-content\/uploads\/2020\/02\/mujeres-y-cooperativis-16-310x310.png 310w, https:\/\/caf.org.uy\/caf\/wp-content\/uploads\/2020\/02\/mujeres-y-cooperativis-16-768x768.png 768w, https:\/\/caf.org.uy\/caf\/wp-content\/uploads\/2020\/02\/mujeres-y-cooperativis-16-60x60.png 60w, https:\/\/caf.org.uy\/caf\/wp-content\/uploads\/2020\/02\/mujeres-y-cooperativis-16-1000x1000.png 1000w, https:\/\/caf.org.uy\/caf\/wp-content\/uploads\/2020\/02\/mujeres-y-cooperativis-16.png 1080w\" sizes=\"(max-width: 480px) 100vw, 480px\" \/><\/figure><\/div>\n","protected":false},"excerpt":{"rendered":"<p>En el marco del D\u00eda Internacional de la Mujer, que se conmemora el 8 de marzo, Cooperativas Agrarias Federadas invita a todos los integrantes de su Red a participar de &hellip; <a class=\"readmore\" href=\"https:\/\/caf.org.uy\/caf\/mujeres-y-cooperativismo-agrario\/\">Seguir leyendo &rarr;<\/a><\/p>\n","protected":false},"author":1,"featured_media":6248,"comment_status":"open","ping_status":"closed","sticky":false,"template":"","format":"standard","meta":{"csbAdvScrollBarCursor":"","footnotes":""},"categories":[22,2,42],"tags":[],"class_list":["post-6237","post","type-post","status-publish","format-standard","has-post-thumbnail","hentry","category-cooperativismo","category-noticias","category-portada"],"_links":{"self":[{"href":"https:\/\/caf.org.uy\/caf\/wp-json\/wp\/v2\/posts\/6237","targetHints":{"allow":["GET"]}}],"collection":[{"href":"https:\/\/caf.org.uy\/caf\/wp-json\/wp\/v2\/posts"}],"about":[{"href":"https:\/\/caf.org.uy\/caf\/wp-json\/wp\/v2\/types\/post"}],"author":[{"embeddable":true,"href":"https:\/\/caf.org.uy\/caf\/wp-json\/wp\/v2\/users\/1"}],"replies":[{"embeddable":true,"href":"https:\/\/caf.org.uy\/caf\/wp-json\/wp\/v2\/comments?post=6237"}],"version-history":[{"count":0,"href":"https:\/\/caf.org.uy\/caf\/wp-json\/wp\/v2\/posts\/6237\/revisions"}],"wp:featuredmedia":[{"embeddable":true,"href":"https:\/\/caf.org.uy\/caf\/wp-json\/wp\/v2\/media\/6248"}],"wp:attachment":[{"href":"https:\/\/caf.org.uy\/caf\/wp-json\/wp\/v2\/media?parent=6237"}],"wp:term":[{"taxonomy":"category","embeddable":true,"href":"https:\/\/caf.org.uy\/caf\/wp-json\/wp\/v2\/categories?post=6237"},{"taxonomy":"post_tag","embeddable":true,"href":"https:\/\/caf.org.uy\/caf\/wp-json\/wp\/v2\/tags?post=6237"}],"curies":[{"name":"wp","href":"https:\/\/api.w.org\/{rel}","templated":true}]}}