{"id":6193,"date":"2020-01-14T13:27:21","date_gmt":"2020-01-14T13:27:21","guid":{"rendered":"https:\/\/caf.org.uy\/caf\/?p=6193"},"modified":"2020-01-14T13:27:22","modified_gmt":"2020-01-14T13:27:22","slug":"revivi-lo-mejor-de-caf-en-de-la-tierra-al-plato","status":"publish","type":"post","link":"https:\/\/caf.org.uy\/caf\/revivi-lo-mejor-de-caf-en-de-la-tierra-al-plato\/","title":{"rendered":"Reviv\u00ed lo mejor de CAF en \u201cDe la tierra al plato\u201d"},"content":{"rendered":"\n<p>En el marco de nuestra l\u00ednea de trabajo en Conciencia Agropecuaria, en 2019 CAF trabaj\u00f3 en la co-producci\u00f3n de cuatro programas televisivos de \u201cDe la tierra al plato\u201d.<br> <\/p>\n\n\n\n<p>Si te perdiste alguno de ellos o si quer\u00e9s revivirlos, te invitamos a ver los programas completos aqu\u00ed: <\/p>\n\n\n\n<ul class=\"wp-block-list\"><li><strong>Visita al predio de Virginia San Mart\u00edn: <\/strong>Productora ganadera de la localidad de Las Ca\u00f1as (departamento de Maldonado), socia de la cooperativa agraria CALIMA, directiva y ex presidenta de CAF. <a href=\"https:\/\/www.canal4.com.uy\/programas\/de-la-tierra-al-plato\/videos\/las-canas\">VER EL PROGRAMA AQU\u00cd<\/a>. <\/li><\/ul>\n\n\n\n<div class=\"wp-block-image\"><figure class=\"aligncenter size-large is-resized\"><img fetchpriority=\"high\" decoding=\"async\" src=\"https:\/\/caf.org.uy\/caf\/wp-content\/uploads\/2020\/01\/DTAP-en-VSM-640x480.jpg\" alt=\"\" class=\"wp-image-6176\" width=\"335\" height=\"251\" srcset=\"https:\/\/caf.org.uy\/caf\/wp-content\/uploads\/2020\/01\/DTAP-en-VSM-640x480.jpg 640w, https:\/\/caf.org.uy\/caf\/wp-content\/uploads\/2020\/01\/DTAP-en-VSM-413x310.jpg 413w, https:\/\/caf.org.uy\/caf\/wp-content\/uploads\/2020\/01\/DTAP-en-VSM-768x576.jpg 768w, https:\/\/caf.org.uy\/caf\/wp-content\/uploads\/2020\/01\/DTAP-en-VSM-1536x1152.jpg 1536w, https:\/\/caf.org.uy\/caf\/wp-content\/uploads\/2020\/01\/DTAP-en-VSM-1000x750.jpg 1000w, https:\/\/caf.org.uy\/caf\/wp-content\/uploads\/2020\/01\/DTAP-en-VSM.jpg 1600w\" sizes=\"(max-width: 335px) 100vw, 335px\" \/><\/figure><\/div>\n\n\n\n<ul class=\"wp-block-list\"><li><strong>Visita al predio de Mario Fern\u00e1ndez:<\/strong> Productor de frutas de la zona de Punta Espinillo, presidente de la cooperativa agraria Jumecal y directivo de CAF. <a href=\"https:\/\/www.canal4.com.uy\/programas\/de-la-tierra-al-plato\/videos\/mandarinas\">VER EL PROGRAMA AQU\u00cd<\/a>. <\/li><\/ul>\n\n\n\n<div class=\"wp-block-image\"><figure class=\"aligncenter size-large is-resized\"><img decoding=\"async\" src=\"https:\/\/caf.org.uy\/caf\/wp-content\/uploads\/2019\/11\/mario_hugo-640x480.jpg\" alt=\"\" class=\"wp-image-6132\" width=\"333\" height=\"250\" srcset=\"https:\/\/caf.org.uy\/caf\/wp-content\/uploads\/2019\/11\/mario_hugo-640x480.jpg 640w, https:\/\/caf.org.uy\/caf\/wp-content\/uploads\/2019\/11\/mario_hugo-413x310.jpg 413w, https:\/\/caf.org.uy\/caf\/wp-content\/uploads\/2019\/11\/mario_hugo-768x576.jpg 768w, https:\/\/caf.org.uy\/caf\/wp-content\/uploads\/2019\/11\/mario_hugo-1000x750.jpg 1000w, https:\/\/caf.org.uy\/caf\/wp-content\/uploads\/2019\/11\/mario_hugo.jpg 1600w\" sizes=\"(max-width: 333px) 100vw, 333px\" \/><\/figure><\/div>\n\n\n\n<ul class=\"wp-block-list\"><li><strong>Visita al predio de productores de COFLORAL:<\/strong> En este programa podr\u00e1n conocer a Gast\u00f3n Mizuki y Keiko Hikichi, productores de flores que integran nuestra cooperativa socia COFLORAL. <a href=\"https:\/\/www.canal4.com.uy\/programas\/de-la-tierra-al-plato\/videos\/flores\">VER EL PROGRAMA AQU\u00cd<\/a>. <\/li><\/ul>\n\n\n\n<div class=\"wp-block-image\"><figure class=\"aligncenter size-large is-resized\"><img decoding=\"async\" src=\"https:\/\/caf.org.uy\/caf\/wp-content\/uploads\/2019\/10\/FOTOOO-1-650x406.jpg\" alt=\"\" class=\"wp-image-6128\" width=\"350\" height=\"218\" srcset=\"https:\/\/caf.org.uy\/caf\/wp-content\/uploads\/2019\/10\/FOTOOO-1-650x406.jpg 650w, https:\/\/caf.org.uy\/caf\/wp-content\/uploads\/2019\/10\/FOTOOO-1-420x263.jpg 420w, https:\/\/caf.org.uy\/caf\/wp-content\/uploads\/2019\/10\/FOTOOO-1-768x480.jpg 768w, https:\/\/caf.org.uy\/caf\/wp-content\/uploads\/2019\/10\/FOTOOO-1-1000x625.jpg 1000w, https:\/\/caf.org.uy\/caf\/wp-content\/uploads\/2019\/10\/FOTOOO-1.jpg 1600w\" sizes=\"(max-width: 350px) 100vw, 350px\" \/><\/figure><\/div>\n\n\n\n<ul class=\"wp-block-list\"><li><strong>Visita a la Feria de Melilla, de JUMECAL:<\/strong> La Feria de Melilla es una iniciativa liderada por un grupo de productoras vinculadas a nuestra cooperativa socia Jumecal. <a href=\"https:\/\/www.canal4.com.uy\/programas\/de-la-tierra-al-plato\/videos\/feria-de-melilla\">VER EL PROGRAMA AQU\u00cd<\/a>. <\/li><\/ul>\n\n\n\n<div class=\"wp-block-image\"><figure class=\"aligncenter size-large is-resized\"><img loading=\"lazy\" decoding=\"async\" src=\"https:\/\/caf.org.uy\/caf\/wp-content\/uploads\/2019\/11\/7366a1ae-aa7b-4e40-ba9d-b34a3d239693-640x480.jpg\" alt=\"\" class=\"wp-image-6153\" width=\"349\" height=\"262\" srcset=\"https:\/\/caf.org.uy\/caf\/wp-content\/uploads\/2019\/11\/7366a1ae-aa7b-4e40-ba9d-b34a3d239693-640x480.jpg 640w, https:\/\/caf.org.uy\/caf\/wp-content\/uploads\/2019\/11\/7366a1ae-aa7b-4e40-ba9d-b34a3d239693-413x310.jpg 413w, https:\/\/caf.org.uy\/caf\/wp-content\/uploads\/2019\/11\/7366a1ae-aa7b-4e40-ba9d-b34a3d239693-768x576.jpg 768w, https:\/\/caf.org.uy\/caf\/wp-content\/uploads\/2019\/11\/7366a1ae-aa7b-4e40-ba9d-b34a3d239693-1536x1152.jpg 1536w, https:\/\/caf.org.uy\/caf\/wp-content\/uploads\/2019\/11\/7366a1ae-aa7b-4e40-ba9d-b34a3d239693-1000x750.jpg 1000w, https:\/\/caf.org.uy\/caf\/wp-content\/uploads\/2019\/11\/7366a1ae-aa7b-4e40-ba9d-b34a3d239693.jpg 1600w\" sizes=\"(max-width: 349px) 100vw, 349px\" \/><\/figure><\/div>\n","protected":false},"excerpt":{"rendered":"<p>En el marco de nuestra l\u00ednea de trabajo en Conciencia Agropecuaria, en 2019 CAF trabaj\u00f3 en la co-producci\u00f3n de cuatro programas televisivos de \u201cDe la tierra al plato\u201d. Si te &hellip; <a class=\"readmore\" href=\"https:\/\/caf.org.uy\/caf\/revivi-lo-mejor-de-caf-en-de-la-tierra-al-plato\/\">Seguir leyendo &rarr;<\/a><\/p>\n","protected":false},"author":5,"featured_media":6194,"comment_status":"open","ping_status":"closed","sticky":false,"template":"","format":"standard","meta":{"csbAdvScrollBarCursor":"","footnotes":""},"categories":[22,2,42],"tags":[],"class_list":["post-6193","post","type-post","status-publish","format-standard","has-post-thumbnail","hentry","category-cooperativismo","category-noticias","category-portada"],"_links":{"self":[{"href":"https:\/\/caf.org.uy\/caf\/wp-json\/wp\/v2\/posts\/6193","targetHints":{"allow":["GET"]}}],"collection":[{"href":"https:\/\/caf.org.uy\/caf\/wp-json\/wp\/v2\/posts"}],"about":[{"href":"https:\/\/caf.org.uy\/caf\/wp-json\/wp\/v2\/types\/post"}],"author":[{"embeddable":true,"href":"https:\/\/caf.org.uy\/caf\/wp-json\/wp\/v2\/users\/5"}],"replies":[{"embeddable":true,"href":"https:\/\/caf.org.uy\/caf\/wp-json\/wp\/v2\/comments?post=6193"}],"version-history":[{"count":1,"href":"https:\/\/caf.org.uy\/caf\/wp-json\/wp\/v2\/posts\/6193\/revisions"}],"predecessor-version":[{"id":6195,"href":"https:\/\/caf.org.uy\/caf\/wp-json\/wp\/v2\/posts\/6193\/revisions\/6195"}],"wp:featuredmedia":[{"embeddable":true,"href":"https:\/\/caf.org.uy\/caf\/wp-json\/wp\/v2\/media\/6194"}],"wp:attachment":[{"href":"https:\/\/caf.org.uy\/caf\/wp-json\/wp\/v2\/media?parent=6193"}],"wp:term":[{"taxonomy":"category","embeddable":true,"href":"https:\/\/caf.org.uy\/caf\/wp-json\/wp\/v2\/categories?post=6193"},{"taxonomy":"post_tag","embeddable":true,"href":"https:\/\/caf.org.uy\/caf\/wp-json\/wp\/v2\/tags?post=6193"}],"curies":[{"name":"wp","href":"https:\/\/api.w.org\/{rel}","templated":true}]}}