{"id":6175,"date":"2020-01-14T11:58:42","date_gmt":"2020-01-14T11:58:42","guid":{"rendered":"https:\/\/caf.org.uy\/caf\/?p=6175"},"modified":"2020-01-14T11:58:44","modified_gmt":"2020-01-14T11:58:44","slug":"virginia-san-martin-directiva-de-caf-recibio-a-de-la-tierra-al-plato","status":"publish","type":"post","link":"https:\/\/caf.org.uy\/caf\/virginia-san-martin-directiva-de-caf-recibio-a-de-la-tierra-al-plato\/","title":{"rendered":"Virginia San Mart\u00edn, Directiva de CAF, recibi\u00f3 a \u201cDe la tierra al plato\u201d"},"content":{"rendered":"\n<p>En el marco de nuestra l\u00ednea de trabajo en Conciencia Agropecuaria, en 2019 CAF trabaj\u00f3 en la co-producci\u00f3n de cuatro programas televisivos de \u201cDe la tierra al plato\u201d. Los invitamos a ver aqu\u00ed el \u00faltimo programa del ciclo, que se realiz\u00f3 en el predio de la familia de nuestra directiva Virginia San Mart\u00edn y que se emiti\u00f3 el 28 de diciembre. <br><\/p>\n\n\n\n<p>El objetivo del ciclo es visibilizar el rol clave del cooperativismo en el sector agrario, dando voz a nuestros protagonistas.<br><\/p>\n\n\n\n<p>En el \u00faltimo programa emitido en 2019 sobre CAF, el p\u00fablico pudo conocer a la familia de Virginia San Mart\u00edn, productora ganadera de la localidad de Las Ca\u00f1as (departamento de Maldonado), directiva y ex presidenta de CAF. <\/p>\n\n\n\n<p><\/p>\n\n\n\n<p><br><\/p>\n\n\n\n<div class=\"wp-block-image\"><figure class=\"aligncenter size-large is-resized\"><img fetchpriority=\"high\" decoding=\"async\" src=\"https:\/\/caf.org.uy\/caf\/wp-content\/uploads\/2020\/01\/DTAP-en-VSM-640x480.jpg\" alt=\"\" class=\"wp-image-6176\" width=\"400\" height=\"300\" srcset=\"https:\/\/caf.org.uy\/caf\/wp-content\/uploads\/2020\/01\/DTAP-en-VSM-640x480.jpg 640w, https:\/\/caf.org.uy\/caf\/wp-content\/uploads\/2020\/01\/DTAP-en-VSM-413x310.jpg 413w, https:\/\/caf.org.uy\/caf\/wp-content\/uploads\/2020\/01\/DTAP-en-VSM-768x576.jpg 768w, https:\/\/caf.org.uy\/caf\/wp-content\/uploads\/2020\/01\/DTAP-en-VSM-1536x1152.jpg 1536w, https:\/\/caf.org.uy\/caf\/wp-content\/uploads\/2020\/01\/DTAP-en-VSM-1000x750.jpg 1000w, https:\/\/caf.org.uy\/caf\/wp-content\/uploads\/2020\/01\/DTAP-en-VSM.jpg 1600w\" sizes=\"(max-width: 400px) 100vw, 400px\" \/><\/figure><\/div>\n\n\n\n<p>Los invitamos a <a href=\"https:\/\/www.canal4.com.uy\/programas\/de-la-tierra-al-plato\/videos\/las-canas\">ver el programa completo aqu\u00ed<\/a>.<\/p>\n","protected":false},"excerpt":{"rendered":"<p>En el marco de nuestra l\u00ednea de trabajo en Conciencia Agropecuaria, en 2019 CAF trabaj\u00f3 en la co-producci\u00f3n de cuatro programas televisivos de \u201cDe la tierra al plato\u201d. Los invitamos &hellip; <a class=\"readmore\" href=\"https:\/\/caf.org.uy\/caf\/virginia-san-martin-directiva-de-caf-recibio-a-de-la-tierra-al-plato\/\">Seguir leyendo &rarr;<\/a><\/p>\n","protected":false},"author":5,"featured_media":6176,"comment_status":"open","ping_status":"closed","sticky":false,"template":"","format":"standard","meta":{"csbAdvScrollBarCursor":"","footnotes":""},"categories":[22,2,42],"tags":[],"class_list":["post-6175","post","type-post","status-publish","format-standard","has-post-thumbnail","hentry","category-cooperativismo","category-noticias","category-portada"],"_links":{"self":[{"href":"https:\/\/caf.org.uy\/caf\/wp-json\/wp\/v2\/posts\/6175","targetHints":{"allow":["GET"]}}],"collection":[{"href":"https:\/\/caf.org.uy\/caf\/wp-json\/wp\/v2\/posts"}],"about":[{"href":"https:\/\/caf.org.uy\/caf\/wp-json\/wp\/v2\/types\/post"}],"author":[{"embeddable":true,"href":"https:\/\/caf.org.uy\/caf\/wp-json\/wp\/v2\/users\/5"}],"replies":[{"embeddable":true,"href":"https:\/\/caf.org.uy\/caf\/wp-json\/wp\/v2\/comments?post=6175"}],"version-history":[{"count":1,"href":"https:\/\/caf.org.uy\/caf\/wp-json\/wp\/v2\/posts\/6175\/revisions"}],"predecessor-version":[{"id":6177,"href":"https:\/\/caf.org.uy\/caf\/wp-json\/wp\/v2\/posts\/6175\/revisions\/6177"}],"wp:featuredmedia":[{"embeddable":true,"href":"https:\/\/caf.org.uy\/caf\/wp-json\/wp\/v2\/media\/6176"}],"wp:attachment":[{"href":"https:\/\/caf.org.uy\/caf\/wp-json\/wp\/v2\/media?parent=6175"}],"wp:term":[{"taxonomy":"category","embeddable":true,"href":"https:\/\/caf.org.uy\/caf\/wp-json\/wp\/v2\/categories?post=6175"},{"taxonomy":"post_tag","embeddable":true,"href":"https:\/\/caf.org.uy\/caf\/wp-json\/wp\/v2\/tags?post=6175"}],"curies":[{"name":"wp","href":"https:\/\/api.w.org\/{rel}","templated":true}]}}