{"id":6170,"date":"2019-12-18T18:29:47","date_gmt":"2019-12-18T18:29:47","guid":{"rendered":"https:\/\/caf.org.uy\/caf\/?p=6170"},"modified":"2020-01-14T12:00:09","modified_gmt":"2020-01-14T12:00:09","slug":"uruguay-sera-sede-de-dos-actividades-regionales-claves-para-la-gestion-sostenible-del-campo-natural","status":"publish","type":"post","link":"https:\/\/caf.org.uy\/caf\/uruguay-sera-sede-de-dos-actividades-regionales-claves-para-la-gestion-sostenible-del-campo-natural\/","title":{"rendered":"Uruguay sede de actividades claves para la gesti\u00f3n sostenible del Campo Natural"},"content":{"rendered":"\n<p>En mayo de 2020 Uruguay ser\u00e1 sede de un Simposio del que participar\u00e1n expertos nacionales e internacionales y de un curso de actualizaci\u00f3n para profesionales del \u00e1rea. Ambas actividades ser\u00e1n organizadas por la Organizaci\u00f3n de las Naciones Unidas para la Alimentaci\u00f3n y la Agricultura (FAO) y Cooperativas Agrarias Federadas (CAF), con el apoyo de la Fundaci\u00f3n de Facultad de Agronom\u00eda (Udelar).<br><\/p>\n\n\n\n<p>El Simposio se realizar\u00e1 con el objetivo de fortalecer las capacidades de las organizaciones del sector p\u00fablico, privado y de la sociedad civil, en dise\u00f1o e implementaci\u00f3n de pol\u00edticas, estrategias, marcos regulatorios y planes de inversi\u00f3n nacionales que apoyen el desarrollo inclusivo y sostenible del sistema productivo basado en campo natural. Contar\u00e1 con la participaci\u00f3n de expertos nacionales e internacionales.<br><\/p>\n\n\n\n<p>En tanto, el curso de actualizaci\u00f3n pondr\u00e1 foco en la evaluaci\u00f3n del estado de conservaci\u00f3n del Campo Natural y se dictar\u00e1 de forma presencial en marzo del a\u00f1o 2020. Estar\u00e1 destinado a estudiantes de grado, profesionales y t\u00e9cnicos vinculados al sector.<br> <\/p>\n\n\n\n<p><strong>En contexto<\/strong><br> <\/p>\n\n\n\n<p>Desde inicios de 2019, CAF y la FAO trabajan conjuntamente en la ejecuci\u00f3n del proyecto \u201cEvaluaci\u00f3n participativa de la degradaci\u00f3n de la tierra y la gesti\u00f3n sostenible del sistema de pastizal\u201d, del que tambi\u00e9n participan otras instituciones: Ministerio de Ganader\u00eda, Agricultura y Pesca, Ministerio de Vivienda, Ordenamiento Territorial y Medio Ambiente, Comisi\u00f3n Nacional de Fomento Rural, Facultad de Agronom\u00eda de la Universidad de la Rep\u00fablica, Asociaci\u00f3n Uruguaya de Ganaderos del Pastizal, Alianza del Pastizal e Instituto Interamericano de Cooperaci\u00f3n para la Agricultura. <br><\/p>\n\n\n\n<p>La iniciativa fomenta el intercambio entre la academia, los productores y los t\u00e9cnicos en un tema estrat\u00e9gico para el pa\u00eds. <br><\/p>\n\n\n\n<p>El objetivo final del proyecto es generar un protocolo que permita evaluar la degradaci\u00f3n de pastizales y\/o identificar las situaciones de manejo sostenible en Uruguay de manera de tomar decisiones informadas que lo promuevan y sensibilizar al resto de la sociedad.<\/p>\n","protected":false},"excerpt":{"rendered":"<p>En mayo de 2020 Uruguay ser\u00e1 sede de un Simposio del que participar\u00e1n expertos nacionales e internacionales y de un curso de actualizaci\u00f3n para profesionales del \u00e1rea. Ambas actividades ser\u00e1n &hellip; <a class=\"readmore\" href=\"https:\/\/caf.org.uy\/caf\/uruguay-sera-sede-de-dos-actividades-regionales-claves-para-la-gestion-sostenible-del-campo-natural\/\">Seguir leyendo &rarr;<\/a><\/p>\n","protected":false},"author":5,"featured_media":6171,"comment_status":"open","ping_status":"closed","sticky":false,"template":"","format":"standard","meta":{"csbAdvScrollBarCursor":"","footnotes":""},"categories":[24,2,42],"tags":[],"class_list":["post-6170","post","type-post","status-publish","format-standard","has-post-thumbnail","hentry","category-interes-general","category-noticias","category-portada"],"_links":{"self":[{"href":"https:\/\/caf.org.uy\/caf\/wp-json\/wp\/v2\/posts\/6170","targetHints":{"allow":["GET"]}}],"collection":[{"href":"https:\/\/caf.org.uy\/caf\/wp-json\/wp\/v2\/posts"}],"about":[{"href":"https:\/\/caf.org.uy\/caf\/wp-json\/wp\/v2\/types\/post"}],"author":[{"embeddable":true,"href":"https:\/\/caf.org.uy\/caf\/wp-json\/wp\/v2\/users\/5"}],"replies":[{"embeddable":true,"href":"https:\/\/caf.org.uy\/caf\/wp-json\/wp\/v2\/comments?post=6170"}],"version-history":[{"count":4,"href":"https:\/\/caf.org.uy\/caf\/wp-json\/wp\/v2\/posts\/6170\/revisions"}],"predecessor-version":[{"id":6179,"href":"https:\/\/caf.org.uy\/caf\/wp-json\/wp\/v2\/posts\/6170\/revisions\/6179"}],"wp:featuredmedia":[{"embeddable":true,"href":"https:\/\/caf.org.uy\/caf\/wp-json\/wp\/v2\/media\/6171"}],"wp:attachment":[{"href":"https:\/\/caf.org.uy\/caf\/wp-json\/wp\/v2\/media?parent=6170"}],"wp:term":[{"taxonomy":"category","embeddable":true,"href":"https:\/\/caf.org.uy\/caf\/wp-json\/wp\/v2\/categories?post=6170"},{"taxonomy":"post_tag","embeddable":true,"href":"https:\/\/caf.org.uy\/caf\/wp-json\/wp\/v2\/tags?post=6170"}],"curies":[{"name":"wp","href":"https:\/\/api.w.org\/{rel}","templated":true}]}}