{"id":6164,"date":"2019-12-13T12:10:17","date_gmt":"2019-12-13T12:10:17","guid":{"rendered":"https:\/\/caf.org.uy\/caf\/?p=6164"},"modified":"2019-12-13T12:10:19","modified_gmt":"2019-12-13T12:10:19","slug":"consejo-de-caf-recibio-a-vicepresidenta-electa-beatriz-argimon","status":"publish","type":"post","link":"https:\/\/caf.org.uy\/caf\/consejo-de-caf-recibio-a-vicepresidenta-electa-beatriz-argimon\/","title":{"rendered":"Consejo de CAF recibi\u00f3 a vicepresidenta electa Beatriz Argim\u00f3n"},"content":{"rendered":"\n<p>El martes 10 de diciembre celebramos el \u00faltimo Consejo Directivo de CAF del a\u00f1o. Fue un d\u00eda para realizar una puesta a punto del trabajo, valorar el compromiso de quienes integramos las Cooperativas Agrarias Federadas y poner la mira en el 2020. En este marco, recibimos a Beatriz Argim\u00f3n (Vicepresidenta electa del Uruguay) y a \u00c1lvaro Delgado (Secretario de Presidencia designado por el pr\u00f3ximo Gobierno). <br><\/p>\n\n\n\n<p>\u00abHace tiempo que sigo el trabajo de Cooperativas Agrarias Federadas porque atiende el tema mujeres, por eso me pareci\u00f3 importante que esta sea una de mis primeras actividades como vicepresidenta electa del Uruguay\u00bb dijo Argim\u00f3n, quien tambi\u00e9n enfatiz\u00f3 que el pr\u00f3ximo \u201cser\u00e1 un gobierno de di\u00e1logo permanente\u201d. Como obsequio de CAF, al finalizar sus palabras recibi\u00f3 una prenda de lana producida por nuestra socia Central Lanera Uruguaya, que exhibi\u00f3 ante los medios de comunicaci\u00f3n presentes. <br><\/p>\n\n\n\n<p><strong>Balance y proyecci\u00f3n<\/strong><br><\/p>\n\n\n\n<p>El cierre del evento estuvo a cargo del presidente de CAF, Pablo Perdomo, quien remarc\u00f3 la importancia clave de las cooperativas agrarias en la producci\u00f3n de alimentos. \u00abEn un futuro cercano la producci\u00f3n de alimentos estar\u00e1 en manos de multinacionales y\/o de las cooperativas agrarias\u2026Las cooperativas producimos alimentos inocuos, de forma sustentable, cuidando el bienestar animal, la biodiversidad, la calidad del agua y del suelo\u00bb, dijo.<br><\/p>\n\n\n\n<p>Tambi\u00e9n se refiri\u00f3 al rol que desempe\u00f1a nuestra gremial en el escenario pol\u00edtico nacional. \u00abCAF ha sido, es y ser\u00e1 una gremial de di\u00e1logo y propuesta. En un nuevo escenario pol\u00edtico, estar\u00e1 siempre de puertas abiertas al intercambio y la construcci\u00f3n conjunta\u2026 pero tambi\u00e9n diremos no estamos de acuerdo cuando as\u00ed lo sea\u00bb, manifest\u00f3.<br> <\/p>\n\n\n\n<p><a href=\"https:\/\/caf.org.uy\/caf\/?p=6159\">Acceda aqu\u00ed al discurso completo de Pablo Perdomo<\/a>. <br><\/p>\n\n\n\n<p><strong>\u201cLa novedad de la tradici\u00f3n\u201d<\/strong><br><\/p>\n\n\n\n<p>En el marco de la celebraci\u00f3n de nuestro 35\u00b0 aniversario, en el \u00faltimo Consejo Directivo de CAF tuvo espacio tambi\u00e9n para una charla de filosof\u00eda a cargo del Doctor Facundo Ponce De Le\u00f3n. <br><\/p>\n\n\n\n<p>Titulada \u201cLa novedad de la tradici\u00f3n\u201d, la misma invit\u00f3 a reflexionar acerca de los valores y conceptos que nos unen con nuestra Federaci\u00f3n. \u00abLa autoridad viene de los fundadores que dejaron una tradici\u00f3n, pero no para repetirla sino para inspirar. La autoridad no tiene que ver con dar \u00f3rdenes sino con dar sentido, hilvanar como una trama\u00bb, se\u00f1al\u00f3 el fil\u00f3sofo. <br><\/p>\n\n\n\n<p>Luego de finalizada la charla, el Comit\u00e9 Directivo de CAF entreg\u00f3 un presente a los Directivos, Delegados y Presidentes de nuestras cooperativas socias. \u00abEste obsequio es peque\u00f1o pero est\u00e1 cargado de simbolismo, porque contiene productos que son posibles gracias a Uds\u2026 productores rurales cooperativistas\u00bb, dijo Pablo al respecto.<\/p>\n","protected":false},"excerpt":{"rendered":"<p>El martes 10 de diciembre celebramos el \u00faltimo Consejo Directivo de CAF del a\u00f1o. Fue un d\u00eda para realizar una puesta a punto del trabajo, valorar el compromiso de quienes &hellip; <a class=\"readmore\" href=\"https:\/\/caf.org.uy\/caf\/consejo-de-caf-recibio-a-vicepresidenta-electa-beatriz-argimon\/\">Seguir leyendo &rarr;<\/a><\/p>\n","protected":false},"author":5,"featured_media":6165,"comment_status":"open","ping_status":"closed","sticky":false,"template":"","format":"standard","meta":{"csbAdvScrollBarCursor":"","footnotes":""},"categories":[20,2,42],"tags":[],"class_list":["post-6164","post","type-post","status-publish","format-standard","has-post-thumbnail","hentry","category-institucional-gremial","category-noticias","category-portada"],"_links":{"self":[{"href":"https:\/\/caf.org.uy\/caf\/wp-json\/wp\/v2\/posts\/6164","targetHints":{"allow":["GET"]}}],"collection":[{"href":"https:\/\/caf.org.uy\/caf\/wp-json\/wp\/v2\/posts"}],"about":[{"href":"https:\/\/caf.org.uy\/caf\/wp-json\/wp\/v2\/types\/post"}],"author":[{"embeddable":true,"href":"https:\/\/caf.org.uy\/caf\/wp-json\/wp\/v2\/users\/5"}],"replies":[{"embeddable":true,"href":"https:\/\/caf.org.uy\/caf\/wp-json\/wp\/v2\/comments?post=6164"}],"version-history":[{"count":1,"href":"https:\/\/caf.org.uy\/caf\/wp-json\/wp\/v2\/posts\/6164\/revisions"}],"predecessor-version":[{"id":6166,"href":"https:\/\/caf.org.uy\/caf\/wp-json\/wp\/v2\/posts\/6164\/revisions\/6166"}],"wp:featuredmedia":[{"embeddable":true,"href":"https:\/\/caf.org.uy\/caf\/wp-json\/wp\/v2\/media\/6165"}],"wp:attachment":[{"href":"https:\/\/caf.org.uy\/caf\/wp-json\/wp\/v2\/media?parent=6164"}],"wp:term":[{"taxonomy":"category","embeddable":true,"href":"https:\/\/caf.org.uy\/caf\/wp-json\/wp\/v2\/categories?post=6164"},{"taxonomy":"post_tag","embeddable":true,"href":"https:\/\/caf.org.uy\/caf\/wp-json\/wp\/v2\/tags?post=6164"}],"curies":[{"name":"wp","href":"https:\/\/api.w.org\/{rel}","templated":true}]}}