{"id":6159,"date":"2019-12-11T14:58:53","date_gmt":"2019-12-11T14:58:53","guid":{"rendered":"https:\/\/caf.org.uy\/caf\/?p=6159"},"modified":"2019-12-11T14:58:54","modified_gmt":"2019-12-11T14:58:54","slug":"palabras-de-cierre-de-ano-del-presidente-de-caf","status":"publish","type":"post","link":"https:\/\/caf.org.uy\/caf\/palabras-de-cierre-de-ano-del-presidente-de-caf\/","title":{"rendered":"Palabras de cierre de a\u00f1o del presidente de CAF"},"content":{"rendered":"\n<p>En el marco del \u00faltimo Consejo Directivo del a\u00f1o de Cooperativas Agrarias Federadas (CAF), nuestro presidente Pablo Perdomo pronunci\u00f3 su discurso de cierre de a\u00f1o frente a Beatriz Argim\u00f3n (vicepresidenta electa del Uruguay), Alvaro Delgado (Secretario de Presidencia designado por el pr\u00f3ximo Gobierno) y prensa invitada. <\/p>\n\n\n\n<p><br> Acceda al discurso aqu\u00ed.<\/p>\n\n\n\n<p><\/p>\n\n\n\n<p><\/p>\n\n\n\n<div class=\"wp-block-file\"><a href=\"https:\/\/caf.org.uy\/caf\/wp-content\/uploads\/2019\/12\/Discurso-Pablo-Perdomo-utimo-CD-version-final.pdf\">Discurso-Pablo-Perdomo-utimo-CD-version-final<\/a><a href=\"https:\/\/caf.org.uy\/caf\/wp-content\/uploads\/2019\/12\/Discurso-Pablo-Perdomo-utimo-CD-version-final.pdf\" class=\"wp-block-file__button\" download>Descarga<\/a><\/div>\n","protected":false},"excerpt":{"rendered":"<p>En el marco del \u00faltimo Consejo Directivo del a\u00f1o de Cooperativas Agrarias Federadas (CAF), nuestro presidente Pablo Perdomo pronunci\u00f3 su discurso de cierre de a\u00f1o frente a Beatriz Argim\u00f3n (vicepresidenta &hellip; <a class=\"readmore\" href=\"https:\/\/caf.org.uy\/caf\/palabras-de-cierre-de-ano-del-presidente-de-caf\/\">Seguir leyendo &rarr;<\/a><\/p>\n","protected":false},"author":5,"featured_media":6161,"comment_status":"open","ping_status":"closed","sticky":false,"template":"","format":"standard","meta":{"csbAdvScrollBarCursor":"","footnotes":""},"categories":[2,42],"tags":[],"class_list":["post-6159","post","type-post","status-publish","format-standard","has-post-thumbnail","hentry","category-noticias","category-portada"],"_links":{"self":[{"href":"https:\/\/caf.org.uy\/caf\/wp-json\/wp\/v2\/posts\/6159","targetHints":{"allow":["GET"]}}],"collection":[{"href":"https:\/\/caf.org.uy\/caf\/wp-json\/wp\/v2\/posts"}],"about":[{"href":"https:\/\/caf.org.uy\/caf\/wp-json\/wp\/v2\/types\/post"}],"author":[{"embeddable":true,"href":"https:\/\/caf.org.uy\/caf\/wp-json\/wp\/v2\/users\/5"}],"replies":[{"embeddable":true,"href":"https:\/\/caf.org.uy\/caf\/wp-json\/wp\/v2\/comments?post=6159"}],"version-history":[{"count":1,"href":"https:\/\/caf.org.uy\/caf\/wp-json\/wp\/v2\/posts\/6159\/revisions"}],"predecessor-version":[{"id":6162,"href":"https:\/\/caf.org.uy\/caf\/wp-json\/wp\/v2\/posts\/6159\/revisions\/6162"}],"wp:featuredmedia":[{"embeddable":true,"href":"https:\/\/caf.org.uy\/caf\/wp-json\/wp\/v2\/media\/6161"}],"wp:attachment":[{"href":"https:\/\/caf.org.uy\/caf\/wp-json\/wp\/v2\/media?parent=6159"}],"wp:term":[{"taxonomy":"category","embeddable":true,"href":"https:\/\/caf.org.uy\/caf\/wp-json\/wp\/v2\/categories?post=6159"},{"taxonomy":"post_tag","embeddable":true,"href":"https:\/\/caf.org.uy\/caf\/wp-json\/wp\/v2\/tags?post=6159"}],"curies":[{"name":"wp","href":"https:\/\/api.w.org\/{rel}","templated":true}]}}