{"id":6131,"date":"2019-11-04T12:31:11","date_gmt":"2019-11-04T12:31:11","guid":{"rendered":"https:\/\/caf.org.uy\/caf\/?p=6131"},"modified":"2019-11-04T12:35:58","modified_gmt":"2019-11-04T12:35:58","slug":"nuestro-directivo-mario-fernandez-recibio-a-de-la-tierra-al-plato","status":"publish","type":"post","link":"https:\/\/caf.org.uy\/caf\/nuestro-directivo-mario-fernandez-recibio-a-de-la-tierra-al-plato\/","title":{"rendered":"Mario Fern\u00e1ndez, Directivo de CAF, recibi\u00f3 a \u201cDe la tierra al plato\u201d"},"content":{"rendered":"\n<p>En el marco de nuestra l\u00ednea de trabajo en Conciencia Agropecuaria, CAF est\u00e1 trabajando en la co-producci\u00f3n de cuatro programas televisivos del ciclo 2019 de \u201cDe la tierra al plato\u201d. El objetivo es visibilizar el rol clave del cooperativismo en el sector agrario, dando voz a nuestros protagonistas.<\/p>\n\n\n\n<p>En el segundo programa emitido sobre CAF, el p\u00fablico pudo conocer a Mario Fern\u00e1ndez: productor de frutas de la zona de Punta Espinillo, presidente de nuestra socia Jumecal y directivo de CAF. <br><\/p>\n\n\n\n<p>Los invitamos a <a href=\"http:\/\/www.canal4.com.uy\/programas\/de-la-tierra-al-plato\/videos\/mandarinas\">ver el programa completo aqu\u00ed<\/a>.<\/p>\n\n\n\n<div class=\"wp-block-image\"><figure class=\"aligncenter is-resized\"><img fetchpriority=\"high\" decoding=\"async\" src=\"https:\/\/caf.org.uy\/caf\/wp-content\/uploads\/2019\/11\/mario_hugo-640x480.jpg\" alt=\"\" class=\"wp-image-6132\" width=\"345\" height=\"259\" srcset=\"https:\/\/caf.org.uy\/caf\/wp-content\/uploads\/2019\/11\/mario_hugo-640x480.jpg 640w, https:\/\/caf.org.uy\/caf\/wp-content\/uploads\/2019\/11\/mario_hugo-413x310.jpg 413w, https:\/\/caf.org.uy\/caf\/wp-content\/uploads\/2019\/11\/mario_hugo-768x576.jpg 768w, https:\/\/caf.org.uy\/caf\/wp-content\/uploads\/2019\/11\/mario_hugo-1000x750.jpg 1000w, https:\/\/caf.org.uy\/caf\/wp-content\/uploads\/2019\/11\/mario_hugo.jpg 1600w\" sizes=\"(max-width: 345px) 100vw, 345px\" \/><\/figure><\/div>\n\n\n\n<p><a href=\"https:\/\/caf.org.uy\/caf\/?p=6126\">Vea tambi\u00e9n el programa \u00abDe la tierra al plato\u00bb sobre productores vinculados a nuestra cooperativa  socia COFLORAL<\/a>. <\/p>\n","protected":false},"excerpt":{"rendered":"<p>En el marco de nuestra l\u00ednea de trabajo en Conciencia Agropecuaria, CAF est\u00e1 trabajando en la co-producci\u00f3n de cuatro programas televisivos del ciclo 2019 de \u201cDe la tierra al plato\u201d. &hellip; <a class=\"readmore\" href=\"https:\/\/caf.org.uy\/caf\/nuestro-directivo-mario-fernandez-recibio-a-de-la-tierra-al-plato\/\">Seguir leyendo &rarr;<\/a><\/p>\n","protected":false},"author":5,"featured_media":0,"comment_status":"open","ping_status":"closed","sticky":false,"template":"","format":"standard","meta":{"csbAdvScrollBarCursor":"","footnotes":""},"categories":[22,2,42],"tags":[],"class_list":["post-6131","post","type-post","status-publish","format-standard","hentry","category-cooperativismo","category-noticias","category-portada"],"_links":{"self":[{"href":"https:\/\/caf.org.uy\/caf\/wp-json\/wp\/v2\/posts\/6131","targetHints":{"allow":["GET"]}}],"collection":[{"href":"https:\/\/caf.org.uy\/caf\/wp-json\/wp\/v2\/posts"}],"about":[{"href":"https:\/\/caf.org.uy\/caf\/wp-json\/wp\/v2\/types\/post"}],"author":[{"embeddable":true,"href":"https:\/\/caf.org.uy\/caf\/wp-json\/wp\/v2\/users\/5"}],"replies":[{"embeddable":true,"href":"https:\/\/caf.org.uy\/caf\/wp-json\/wp\/v2\/comments?post=6131"}],"version-history":[{"count":4,"href":"https:\/\/caf.org.uy\/caf\/wp-json\/wp\/v2\/posts\/6131\/revisions"}],"predecessor-version":[{"id":6137,"href":"https:\/\/caf.org.uy\/caf\/wp-json\/wp\/v2\/posts\/6131\/revisions\/6137"}],"wp:attachment":[{"href":"https:\/\/caf.org.uy\/caf\/wp-json\/wp\/v2\/media?parent=6131"}],"wp:term":[{"taxonomy":"category","embeddable":true,"href":"https:\/\/caf.org.uy\/caf\/wp-json\/wp\/v2\/categories?post=6131"},{"taxonomy":"post_tag","embeddable":true,"href":"https:\/\/caf.org.uy\/caf\/wp-json\/wp\/v2\/tags?post=6131"}],"curies":[{"name":"wp","href":"https:\/\/api.w.org\/{rel}","templated":true}]}}