{"id":6126,"date":"2019-10-28T13:48:58","date_gmt":"2019-10-28T13:48:58","guid":{"rendered":"http:\/\/www.caf.org.uy\/site\/?p=6126"},"modified":"2019-10-28T13:48:58","modified_gmt":"2019-10-28T13:48:58","slug":"de-la-tierra-al-plato-visito-a-productores-de-cofloral","status":"publish","type":"post","link":"https:\/\/caf.org.uy\/caf\/de-la-tierra-al-plato-visito-a-productores-de-cofloral\/","title":{"rendered":"\u201cDe la tierra al plato\u201d  visit\u00f3 a productores de COFLORAL"},"content":{"rendered":"\n<p>En el marco de nuestra l\u00ednea de trabajo en Conciencia Agropecuaria, CAF est\u00e1 trabajando en la co-producci\u00f3n de cuatro programas televisivos del ciclo 2019 de \u201cDe la tierra al plato\u201d. El objetivo es visibilizar el rol clave del cooperativismo en el sector agrario, dando voz a nuestros protagonistas. <br \/><\/p>\n\n\n<p>En el primer programa emitido sobre CAF, el p\u00fablico pudo conocer a Gast\u00f3n, Keiko y Takeo, productores de flores que integran nuestra cooperativa socia COFLORAL. <\/p>\n\n\n<p><br \/>Los invitamos a <strong><a href=\"http:\/\/www.canal4.com.uy\/programas\/de-la-tierra-al-plato\/videos\/flores\">ver el programa completo aqu\u00ed<\/a><\/strong>. <br \/> <\/p>\n\n\n<div class=\"wp-block-image\"><figure class=\"aligncenter is-resized\"><img fetchpriority=\"high\" decoding=\"async\" src=\"http:\/\/www.caf.org.uy\/site\/wp-content\/uploads\/2019\/10\/FOTOOO-1-650x406.jpg\" alt=\"\" class=\"wp-image-6128\" width=\"350\" height=\"218\" srcset=\"https:\/\/caf.org.uy\/caf\/wp-content\/uploads\/2019\/10\/FOTOOO-1-650x406.jpg 650w, https:\/\/caf.org.uy\/caf\/wp-content\/uploads\/2019\/10\/FOTOOO-1-420x263.jpg 420w, https:\/\/caf.org.uy\/caf\/wp-content\/uploads\/2019\/10\/FOTOOO-1-768x480.jpg 768w, https:\/\/caf.org.uy\/caf\/wp-content\/uploads\/2019\/10\/FOTOOO-1-1000x625.jpg 1000w, https:\/\/caf.org.uy\/caf\/wp-content\/uploads\/2019\/10\/FOTOOO-1.jpg 1600w\" sizes=\"(max-width: 350px) 100vw, 350px\" \/><\/figure><\/div>\n\n\n<p><strong>Pr\u00f3ximos programas<\/strong><br \/><\/p>\n\n\n<p>En las pr\u00f3ximas ediciones del programa, que se emite los s\u00e1bados a las 20.30 horas por Canal 4, los protagonistas ser\u00e1n:<\/p>\n\n\n<ul class=\"wp-block-list\"><li>Mario Fern\u00e1ndez (productor frut\u00edcola de la zona de Melilla, presidente de la cooperativa Jumecal y directivo de CAF). <\/li><li>Feria de Melilla (iniciativa liderada por un grupo de mujeres vinculadas a la cooperativa Jumecal). <\/li><\/ul>\n","protected":false},"excerpt":{"rendered":"<p>En el marco de nuestra l\u00ednea de trabajo en Conciencia Agropecuaria, CAF est\u00e1 trabajando en la co-producci\u00f3n de cuatro programas televisivos del ciclo 2019 de \u201cDe la tierra al plato\u201d. &hellip; <a class=\"readmore\" href=\"https:\/\/caf.org.uy\/caf\/de-la-tierra-al-plato-visito-a-productores-de-cofloral\/\">Seguir leyendo &rarr;<\/a><\/p>\n","protected":false},"author":1,"featured_media":6127,"comment_status":"open","ping_status":"closed","sticky":false,"template":"","format":"standard","meta":{"csbAdvScrollBarCursor":"","footnotes":""},"categories":[22,42],"tags":[],"class_list":["post-6126","post","type-post","status-publish","format-standard","has-post-thumbnail","hentry","category-cooperativismo","category-portada"],"_links":{"self":[{"href":"https:\/\/caf.org.uy\/caf\/wp-json\/wp\/v2\/posts\/6126","targetHints":{"allow":["GET"]}}],"collection":[{"href":"https:\/\/caf.org.uy\/caf\/wp-json\/wp\/v2\/posts"}],"about":[{"href":"https:\/\/caf.org.uy\/caf\/wp-json\/wp\/v2\/types\/post"}],"author":[{"embeddable":true,"href":"https:\/\/caf.org.uy\/caf\/wp-json\/wp\/v2\/users\/1"}],"replies":[{"embeddable":true,"href":"https:\/\/caf.org.uy\/caf\/wp-json\/wp\/v2\/comments?post=6126"}],"version-history":[{"count":0,"href":"https:\/\/caf.org.uy\/caf\/wp-json\/wp\/v2\/posts\/6126\/revisions"}],"wp:featuredmedia":[{"embeddable":true,"href":"https:\/\/caf.org.uy\/caf\/wp-json\/wp\/v2\/media\/6127"}],"wp:attachment":[{"href":"https:\/\/caf.org.uy\/caf\/wp-json\/wp\/v2\/media?parent=6126"}],"wp:term":[{"taxonomy":"category","embeddable":true,"href":"https:\/\/caf.org.uy\/caf\/wp-json\/wp\/v2\/categories?post=6126"},{"taxonomy":"post_tag","embeddable":true,"href":"https:\/\/caf.org.uy\/caf\/wp-json\/wp\/v2\/tags?post=6126"}],"curies":[{"name":"wp","href":"https:\/\/api.w.org\/{rel}","templated":true}]}}