{"id":6114,"date":"2019-10-14T13:05:29","date_gmt":"2019-10-14T13:05:29","guid":{"rendered":"https:\/\/caf.org.uy\/caf\/?p=6114"},"modified":"2019-11-04T12:32:22","modified_gmt":"2019-11-04T12:32:22","slug":"tengo-a-la-cooperativa-marcada-a-fuego","status":"publish","type":"post","link":"https:\/\/caf.org.uy\/caf\/tengo-a-la-cooperativa-marcada-a-fuego\/","title":{"rendered":"David Pacheco: \u201cTengo a la cooperativa marcada a fuego\u201d"},"content":{"rendered":"\n<p>A sus 25 a\u00f1os, David Pacheco lleva una d\u00e9cada vinculado a la cooperativa El Fog\u00f3n y dos meses ejerciendo como Consejero de CAF. En entrevista con nuestra Federaci\u00f3n, convers\u00f3 sobre el rol que la cooperativa ha tenido en su desarrollo personal y profesional, el desaf\u00edo que ha asumido en CAF y su visi\u00f3n sobre la juventud en el cooperativismo agrario. <br><\/p>\n\n\n\n<p>\u201cCuando ten\u00eda 15 a\u00f1os me fui a trabajar al campo de mi familia, mano a mano con mi abuela. Como era muy joven, empec\u00e9 a buscar apoyo para producir y ah\u00ed encontr\u00e9 a la cooperativa, con la que creamos un v\u00ednculo muy fuerte. EL FOG\u00d3N ha sido parte fundamental del crecimiento que hemos tenido como personas, como familia y como empresa\u201d, cuenta David. <br><\/p>\n\n\n\n<p>Adem\u00e1s de brindarle apoyo t\u00e9cnico, la cooperativa jug\u00f3 un rol fundamental en el descubrimiento de la vocaci\u00f3n del joven productor. \u201cA trav\u00e9s de ella, empec\u00e9 a intercambiar con Agr\u00f3nomos y a hacer cursos que me dieron herramientas para ser m\u00e1s eficiente en la producci\u00f3n. As\u00ed fue que dije: yo quiero saber lo que ellos saben y decid\u00ed volver al estudio. Hoy estoy terminando la carrera de Agronom\u00eda y EL FOG\u00d3N me ha facilitado todo el proceso, incluso en esta etapa final en la que me ha brindado insumos y contactos para hacer la tesis\u201d, se\u00f1ala. <br><\/p>\n\n\n\n<p>Si bien hoy est\u00e1 estudiando en Montevideo, David tiene claro que su lugar de pertenencia es el paraje Paso Ram\u00edrez, a 116 kil\u00f3metros de Sarand\u00ed del Y\u00ed. \u201cCapaz que para otro es el fin del mundo, pero yo s\u00e9 que soy de all\u00ed y que el d\u00eda de ma\u00f1ana volver\u00e9 a trabajar en la empresa aplicando los conocimientos que me gener\u00f3 la carrera, consolidando el equipo familiar e involucrado siempre a la cooperativa\u201d, enfatiza. <br><\/p>\n\n\n\n<div class=\"wp-block-image\"><figure class=\"aligncenter is-resized\"><img fetchpriority=\"high\" decoding=\"async\" src=\"https:\/\/caf.org.uy\/caf\/wp-content\/uploads\/2019\/10\/Foto2-1-567x480.jpg\" alt=\"\" class=\"wp-image-6117\" width=\"358\" height=\"303\" srcset=\"https:\/\/caf.org.uy\/caf\/wp-content\/uploads\/2019\/10\/Foto2-1-567x480.jpg 567w, https:\/\/caf.org.uy\/caf\/wp-content\/uploads\/2019\/10\/Foto2-1-366x310.jpg 366w, https:\/\/caf.org.uy\/caf\/wp-content\/uploads\/2019\/10\/Foto2-1-768x650.jpg 768w, https:\/\/caf.org.uy\/caf\/wp-content\/uploads\/2019\/10\/Foto2-1-1000x846.jpg 1000w, https:\/\/caf.org.uy\/caf\/wp-content\/uploads\/2019\/10\/Foto2-1.jpg 1300w\" sizes=\"(max-width: 358px) 100vw, 358px\" \/><figcaption>David Pacheco<\/figcaption><\/figure><\/div>\n\n\n\n<p><strong>\u201cEl cooperativismo brinda valores que sirven para la vida\u201d<\/strong><br><\/p>\n\n\n\n<p>\u201cAprend\u00e9s a trabajar en equipo, a ser solidario, a no creerte due\u00f1o de la verdad, porque entend\u00e9s que el otro puede aportar algo igual o m\u00e1s interesante que lo que sab\u00e9s vos. El cooperativismo te va ense\u00f1ando con el paso del tiempo, solo hay que saber escuchar\u201d, reflexiona David. <br><\/p>\n\n\n\n<p>Las ganas de aprender de otros, fue lo que lo llev\u00f3 a asumir el desaf\u00edo de ser Consejero de CAF. \u201cCuando surgi\u00f3 esta posibilidad, sent\u00ed un gran honor y decid\u00ed tomarlo con alegr\u00eda. En CAF me recibieron muy bien y estoy feliz de formar parte y de aprender de la experiencia de otras personas, que integran cooperativas de diferentes rubros y con diferentes objetivos\u201d, cuenta.   <\/p>\n\n\n\n<p><strong>\u201cHay un horizonte amplio para crecer en el trabajo con J\u00f3venes\u201d<\/strong><br><\/p>\n\n\n\n<p>En Setiembre, David y otros cuatro j\u00f3venes vinculados a la cooperativa COPAGRAN (Franco Roch\u00f3n, Gabriel Geymonat, Maximiliano Garc\u00eda y Ramiro Jorajur\u00eda) viajaron a Argentina en representaci\u00f3n de CAF para participar del Seminario Nacional que organiza \u201cACA J\u00f3venes\u201d, el grupo de J\u00f3venes de la Asociaci\u00f3n de Cooperativas Argentinas. <br><\/p>\n\n\n\n<p>\u201cFue una gran experiencia. M\u00e1s all\u00e1 de las instancias de capacitaci\u00f3n que hubo en el Encuentro y de los v\u00ednculos que generamos, pude ver que en Argentina hay una juventud muy involucrada con el cooperativismo agrario. Todos los integrantes de la delegaci\u00f3n de CAF entendimos que los uruguayos tenemos mucho para aprender de esto y quedamos muy entusiasmados con empezar a estimular a nuestros j\u00f3venes a que se arrimen a sus cooperativas. Es una apuesta a futuro, en este sentido, el convenio firmado en abril entre ACA y CAF va en esta l\u00ednea, por lo que hay mucho para crecer\u201d, concluy\u00f3. <\/p>\n\n\n\n<div class=\"wp-block-image\"><figure class=\"aligncenter is-resized\"><img decoding=\"async\" src=\"https:\/\/caf.org.uy\/caf\/wp-content\/uploads\/2019\/10\/encuentro_aca_j\u00f3venes-650x433.jpg\" alt=\"\" class=\"wp-image-6122\" width=\"414\" height=\"276\" srcset=\"https:\/\/caf.org.uy\/caf\/wp-content\/uploads\/2019\/10\/encuentro_aca_j\u00f3venes-650x433.jpg 650w, https:\/\/caf.org.uy\/caf\/wp-content\/uploads\/2019\/10\/encuentro_aca_j\u00f3venes-420x280.jpg 420w, https:\/\/caf.org.uy\/caf\/wp-content\/uploads\/2019\/10\/encuentro_aca_j\u00f3venes-768x512.jpg 768w, https:\/\/caf.org.uy\/caf\/wp-content\/uploads\/2019\/10\/encuentro_aca_j\u00f3venes-1000x666.jpg 1000w, https:\/\/caf.org.uy\/caf\/wp-content\/uploads\/2019\/10\/encuentro_aca_j\u00f3venes.jpg 1600w\" sizes=\"(max-width: 414px) 100vw, 414px\" \/><figcaption>J\u00f3venes de CAF y J\u00f3venes de ACA<\/figcaption><\/figure><\/div>\n","protected":false},"excerpt":{"rendered":"<p>A sus 25 a\u00f1os, David Pacheco lleva una d\u00e9cada vinculado a la cooperativa El Fog\u00f3n y dos meses ejerciendo como Consejero de CAF. En entrevista con nuestra Federaci\u00f3n, convers\u00f3 sobre &hellip; <a class=\"readmore\" href=\"https:\/\/caf.org.uy\/caf\/tengo-a-la-cooperativa-marcada-a-fuego\/\">Seguir leyendo &rarr;<\/a><\/p>\n","protected":false},"author":5,"featured_media":6115,"comment_status":"open","ping_status":"closed","sticky":false,"template":"","format":"standard","meta":{"csbAdvScrollBarCursor":"","footnotes":""},"categories":[22,2,42],"tags":[],"class_list":["post-6114","post","type-post","status-publish","format-standard","has-post-thumbnail","hentry","category-cooperativismo","category-noticias","category-portada"],"_links":{"self":[{"href":"https:\/\/caf.org.uy\/caf\/wp-json\/wp\/v2\/posts\/6114","targetHints":{"allow":["GET"]}}],"collection":[{"href":"https:\/\/caf.org.uy\/caf\/wp-json\/wp\/v2\/posts"}],"about":[{"href":"https:\/\/caf.org.uy\/caf\/wp-json\/wp\/v2\/types\/post"}],"author":[{"embeddable":true,"href":"https:\/\/caf.org.uy\/caf\/wp-json\/wp\/v2\/users\/5"}],"replies":[{"embeddable":true,"href":"https:\/\/caf.org.uy\/caf\/wp-json\/wp\/v2\/comments?post=6114"}],"version-history":[{"count":7,"href":"https:\/\/caf.org.uy\/caf\/wp-json\/wp\/v2\/posts\/6114\/revisions"}],"predecessor-version":[{"id":6134,"href":"https:\/\/caf.org.uy\/caf\/wp-json\/wp\/v2\/posts\/6114\/revisions\/6134"}],"wp:featuredmedia":[{"embeddable":true,"href":"https:\/\/caf.org.uy\/caf\/wp-json\/wp\/v2\/media\/6115"}],"wp:attachment":[{"href":"https:\/\/caf.org.uy\/caf\/wp-json\/wp\/v2\/media?parent=6114"}],"wp:term":[{"taxonomy":"category","embeddable":true,"href":"https:\/\/caf.org.uy\/caf\/wp-json\/wp\/v2\/categories?post=6114"},{"taxonomy":"post_tag","embeddable":true,"href":"https:\/\/caf.org.uy\/caf\/wp-json\/wp\/v2\/tags?post=6114"}],"curies":[{"name":"wp","href":"https:\/\/api.w.org\/{rel}","templated":true}]}}