{"id":6055,"date":"2019-08-14T17:08:55","date_gmt":"2019-08-14T17:08:55","guid":{"rendered":"http:\/\/www.caf.org.uy\/site\/?p=6055"},"modified":"2019-08-14T17:08:55","modified_gmt":"2019-08-14T17:08:55","slug":"asumieron-nuevas-autoridades-de-caf","status":"publish","type":"post","link":"https:\/\/caf.org.uy\/caf\/asumieron-nuevas-autoridades-de-caf\/","title":{"rendered":"Asumieron nuevas autoridades de CAF"},"content":{"rendered":"\n<p>En una emotiva ceremonia, este martes 13 de agosto se realiz\u00f3 el cambio de autoridades en Cooperativas Agrarias Federadas. Pablo Perdomo, socio de la cooperativa El Fog\u00f3n y vicepresidente en la directiva anterior, asumi\u00f3 el cargo de presidente de la instituci\u00f3n, que desde 2016 ocupaba Virginia San Mart\u00edn. <br \/><\/p>\n\n\n<p>El novel presidente eligi\u00f3 al equipo que lo acompa\u00f1ar\u00e1 en el Comit\u00e9 Directivo: Fernando Bide (COPAGRAN) como Secretario, Stefan\u00eda Silveyra (CONAPROLE) como Tesorera y Luis Frachia como Gerente. \u201cAparicio Hirschy (CADOL) ser\u00e1 el nuevo vicepresidente, lo que constituye un respaldo fuerte para la instituci\u00f3n. \u00c9l y Virginia ser\u00e1n los principales asesores de este equipo\u201d, valor\u00f3 el nuevo presidente.  <br \/><\/p>\n\n\n<p>El cambio de autoridades se realiz\u00f3 en la sede de nuestra socia Central Lanera Uruguaya y cont\u00f3 con la presencia de presidentes de otras gremiales agropecuarias, confederaciones empresariales, ex presidentes, directivos y delegados de CAF, y presidentes de nuestras cooperativas socias.<br \/><\/p>\n\n\n<div class=\"wp-block-image\"><figure class=\"aligncenter is-resized\"><img fetchpriority=\"high\" decoding=\"async\" src=\"http:\/\/www.caf.org.uy\/site\/wp-content\/uploads\/2019\/08\/IMG_6748-650x436.jpg\" alt=\"\" class=\"wp-image-6056\" width=\"434\" height=\"291\" srcset=\"https:\/\/caf.org.uy\/caf\/wp-content\/uploads\/2019\/08\/IMG_6748-650x436.jpg 650w, https:\/\/caf.org.uy\/caf\/wp-content\/uploads\/2019\/08\/IMG_6748-420x282.jpg 420w, https:\/\/caf.org.uy\/caf\/wp-content\/uploads\/2019\/08\/IMG_6748-768x516.jpg 768w, https:\/\/caf.org.uy\/caf\/wp-content\/uploads\/2019\/08\/IMG_6748-1000x671.jpg 1000w\" sizes=\"(max-width: 434px) 100vw, 434px\" \/><\/figure><\/div>\n\n\n<p><strong>\u201cM\u00e1s cooperativista que nunca\u201d<br \/><\/strong><\/p>\n\n\n<p>\u201cHoy es un d\u00eda muy importante para CAF y para m\u00ed en lo personal. Creo mucho en los procesos institucionales: hace 10 a\u00f1os que estoy en el Comit\u00e9 Ejecutivo de CAF y tres a\u00f1os que las cooperativas me eligieron como su presidente; con una visi\u00f3n muy integradora eligieron a una mujer y joven\u201d, resalt\u00f3 Virginia San Mart\u00edn al tomar la palabra.  <br \/><\/p>\n\n\n<p>\u201cEs hora de de renovar las energ\u00edas y de traer nuevas ideas. Por supuesto que yo siempre estar\u00e9 apoyando desde el Consejo Directivo de CAF, porque para m\u00ed el cooperativismo es una cultura, que se cultiva y est\u00e1 en permanente cambio. Al Comit\u00e9 Ejecutivo entrante le deseo lo mejor: creatividad, capacidad para anticiparse a los hechos, estar atentos al contexto y mucho trabajo en equipo. Yo fui una fan\u00e1tica de estar muy cerca de las cooperativas\u2026 hoy me siento m\u00e1s cooperativista que nunca\u201d, concluy\u00f3. <br \/><\/p>\n\n\n<p><strong>\u201cUn alto honor\u201d<\/strong><br \/><\/p>\n\n\n<p>Por su parte, el nuevo presidente agradeci\u00f3 a todos los presentes y tuvo unas emotivas palabras hacia su antecesora. \u201cCuando nos conocimos con Virginia nuestros hijos no hab\u00edan nacido, y hoy ya tienen de 17 a 6 a\u00f1os. Pasamos por momentos muy buenos y de los otros, pero el modelo cooperativo nos sirvi\u00f3 para sobrellevar las tormentas. Destaco que Virginia ha llevado adelante un liderazgo de escucha y de construcci\u00f3n de consensos para avanzar. Si algo no le falt\u00f3 es el poder de echar para adelante\u201d, dijo.<br \/><\/p>\n\n\n<p>Al momento de hablar sobre el nuevo desaf\u00edo que enfrentar\u00e1, resalt\u00f3: \u201cPara m\u00ed es un alto honor el haber sido nombrado por las cooperativas como presidente de esta instituci\u00f3n con m\u00e1s de 35 a\u00f1os de historia, donde pasaron destacados consejeros y presidentes\u201d. <br \/><\/p>\n\n\n<p>Con la mirada en el futuro, Perdomo mencion\u00f3 que en el marco del actual a\u00f1o de Elecciones Nacionales, el principal desaf\u00edo que tendr\u00e1 la Federaci\u00f3n consistir\u00e1 en trabajar para incidir \u201ccon seriedad y con propuestas concretas\u201d en los equipos de trabajo del pr\u00f3ximo Gobierno. \u201cEs la oportunidad para CAF  de empezar el di\u00e1logo y presentar nuestras Propuestas\u201d, concluy\u00f3. <\/p>\n","protected":false},"excerpt":{"rendered":"<p>En una emotiva ceremonia, este martes 13 de agosto se realiz\u00f3 el cambio de autoridades en Cooperativas Agrarias Federadas. Pablo Perdomo, socio de la cooperativa El Fog\u00f3n y vicepresidente en &hellip; <a class=\"readmore\" href=\"https:\/\/caf.org.uy\/caf\/asumieron-nuevas-autoridades-de-caf\/\">Seguir leyendo &rarr;<\/a><\/p>\n","protected":false},"author":1,"featured_media":6057,"comment_status":"open","ping_status":"closed","sticky":false,"template":"","format":"standard","meta":{"csbAdvScrollBarCursor":"","footnotes":""},"categories":[20,2,42],"tags":[],"class_list":["post-6055","post","type-post","status-publish","format-standard","has-post-thumbnail","hentry","category-institucional-gremial","category-noticias","category-portada"],"_links":{"self":[{"href":"https:\/\/caf.org.uy\/caf\/wp-json\/wp\/v2\/posts\/6055","targetHints":{"allow":["GET"]}}],"collection":[{"href":"https:\/\/caf.org.uy\/caf\/wp-json\/wp\/v2\/posts"}],"about":[{"href":"https:\/\/caf.org.uy\/caf\/wp-json\/wp\/v2\/types\/post"}],"author":[{"embeddable":true,"href":"https:\/\/caf.org.uy\/caf\/wp-json\/wp\/v2\/users\/1"}],"replies":[{"embeddable":true,"href":"https:\/\/caf.org.uy\/caf\/wp-json\/wp\/v2\/comments?post=6055"}],"version-history":[{"count":0,"href":"https:\/\/caf.org.uy\/caf\/wp-json\/wp\/v2\/posts\/6055\/revisions"}],"wp:featuredmedia":[{"embeddable":true,"href":"https:\/\/caf.org.uy\/caf\/wp-json\/wp\/v2\/media\/6057"}],"wp:attachment":[{"href":"https:\/\/caf.org.uy\/caf\/wp-json\/wp\/v2\/media?parent=6055"}],"wp:term":[{"taxonomy":"category","embeddable":true,"href":"https:\/\/caf.org.uy\/caf\/wp-json\/wp\/v2\/categories?post=6055"},{"taxonomy":"post_tag","embeddable":true,"href":"https:\/\/caf.org.uy\/caf\/wp-json\/wp\/v2\/tags?post=6055"}],"curies":[{"name":"wp","href":"https:\/\/api.w.org\/{rel}","templated":true}]}}