{"id":6040,"date":"2019-08-08T12:31:15","date_gmt":"2019-08-08T12:31:15","guid":{"rendered":"https:\/\/caf.org.uy\/caf\/?p=6040"},"modified":"2019-08-08T12:31:16","modified_gmt":"2019-08-08T12:31:16","slug":"fortaleciendo-lazos-de-cooperacion","status":"publish","type":"post","link":"https:\/\/caf.org.uy\/caf\/fortaleciendo-lazos-de-cooperacion\/","title":{"rendered":"Fortaleciendo lazos de cooperaci\u00f3n"},"content":{"rendered":"\n<p>Cooperativas Agrarias Federadas (CAF) y el Instituto Interamericano de Cooperaci\u00f3n para la Agricultura (IICA) firmaron este martes un Acuerdo de Cooperaci\u00f3n T\u00e9cnica con el fin de estrechar la colaboraci\u00f3n entre ambas organizaciones. <br><\/p>\n\n\n\n<p>Algunas de las \u00e1reas de cooperaci\u00f3n definidas en el acuerdo (que fue suscripto por Virginia San Mart\u00edn y Alejandra Sarquis, presidenta de CAF y representante de IICA en Uruguay, respectivamente) refieren a desarrollo productivo, comercio internacional, inocuidad de los alimentos, g\u00e9nero y juventud, e innovaci\u00f3n y tecnolog\u00eda. <br><\/p>\n\n\n\n<p>El documento establece como objetivo el \u201ccontribuir en la forma m\u00e1s eficaz posible a la mejora de la competitividad de las cadenas agropecuarias nacionales, promoviendo el desarrollo productivo y el bienestar rural\u201d. <br><\/p>\n\n\n\n<p><strong>Un acuerdo estrat\u00e9gico<\/strong><br><\/p>\n\n\n\n<p>CAF promueve la generaci\u00f3n de alianzas con instituciones estrat\u00e9gicas que contribuyen a cumplir con sus objetivos vinculados al desarrollo integral de sus cooperativas y productores socios, as\u00ed como a fortalecer su rol gremial con el fin de generar una incidencia efectiva en los diferentes \u00e1mbitos p\u00fablicos y privados.<br><\/p>\n\n\n\n<p>Por su inserci\u00f3n en el territorio, las cooperativas agrarias promueven el desarrollo local y son agentes eficientes para la ejecuci\u00f3n de pol\u00edticas p\u00fablicas. A trav\u00e9s de esta alianza, un actor clave de la institucionalidad agropecuaria, como lo es el IICA, tendr\u00e1 la posibilidad de trabajar estrechamente con nuestras socias. <\/p>\n\n\n\n<div class=\"wp-block-image\"><figure class=\"aligncenter is-resized\"><img fetchpriority=\"high\" decoding=\"async\" src=\"https:\/\/caf.org.uy\/caf\/wp-content\/uploads\/2019\/08\/foto-640x480.jpg\" alt=\"\" class=\"wp-image-6041\" width=\"457\" height=\"343\" srcset=\"https:\/\/caf.org.uy\/caf\/wp-content\/uploads\/2019\/08\/foto-640x480.jpg 640w, https:\/\/caf.org.uy\/caf\/wp-content\/uploads\/2019\/08\/foto-413x310.jpg 413w, https:\/\/caf.org.uy\/caf\/wp-content\/uploads\/2019\/08\/foto.jpg 680w\" sizes=\"(max-width: 457px) 100vw, 457px\" \/><\/figure><\/div>\n","protected":false},"excerpt":{"rendered":"<p>Cooperativas Agrarias Federadas (CAF) y el Instituto Interamericano de Cooperaci\u00f3n para la Agricultura (IICA) firmaron este martes un Acuerdo de Cooperaci\u00f3n T\u00e9cnica con el fin de estrechar la colaboraci\u00f3n entre &hellip; <a class=\"readmore\" href=\"https:\/\/caf.org.uy\/caf\/fortaleciendo-lazos-de-cooperacion\/\">Seguir leyendo &rarr;<\/a><\/p>\n","protected":false},"author":5,"featured_media":6041,"comment_status":"open","ping_status":"closed","sticky":false,"template":"","format":"standard","meta":{"csbAdvScrollBarCursor":"","footnotes":""},"categories":[20,2,42],"tags":[],"class_list":["post-6040","post","type-post","status-publish","format-standard","has-post-thumbnail","hentry","category-institucional-gremial","category-noticias","category-portada"],"_links":{"self":[{"href":"https:\/\/caf.org.uy\/caf\/wp-json\/wp\/v2\/posts\/6040","targetHints":{"allow":["GET"]}}],"collection":[{"href":"https:\/\/caf.org.uy\/caf\/wp-json\/wp\/v2\/posts"}],"about":[{"href":"https:\/\/caf.org.uy\/caf\/wp-json\/wp\/v2\/types\/post"}],"author":[{"embeddable":true,"href":"https:\/\/caf.org.uy\/caf\/wp-json\/wp\/v2\/users\/5"}],"replies":[{"embeddable":true,"href":"https:\/\/caf.org.uy\/caf\/wp-json\/wp\/v2\/comments?post=6040"}],"version-history":[{"count":1,"href":"https:\/\/caf.org.uy\/caf\/wp-json\/wp\/v2\/posts\/6040\/revisions"}],"predecessor-version":[{"id":6042,"href":"https:\/\/caf.org.uy\/caf\/wp-json\/wp\/v2\/posts\/6040\/revisions\/6042"}],"wp:featuredmedia":[{"embeddable":true,"href":"https:\/\/caf.org.uy\/caf\/wp-json\/wp\/v2\/media\/6041"}],"wp:attachment":[{"href":"https:\/\/caf.org.uy\/caf\/wp-json\/wp\/v2\/media?parent=6040"}],"wp:term":[{"taxonomy":"category","embeddable":true,"href":"https:\/\/caf.org.uy\/caf\/wp-json\/wp\/v2\/categories?post=6040"},{"taxonomy":"post_tag","embeddable":true,"href":"https:\/\/caf.org.uy\/caf\/wp-json\/wp\/v2\/tags?post=6040"}],"curies":[{"name":"wp","href":"https:\/\/api.w.org\/{rel}","templated":true}]}}