{"id":6011,"date":"2019-07-24T11:56:44","date_gmt":"2019-07-24T11:56:44","guid":{"rendered":"https:\/\/caf.org.uy\/caf\/?p=6011"},"modified":"2019-07-29T12:01:27","modified_gmt":"2019-07-29T12:01:27","slug":"exitosa-presentacion-de-propuestas-de-caf-al-proximo-gobierno","status":"publish","type":"post","link":"https:\/\/caf.org.uy\/caf\/exitosa-presentacion-de-propuestas-de-caf-al-proximo-gobierno\/","title":{"rendered":"Exitosa presentaci\u00f3n de Propuestas de CAF al pr\u00f3ximo Gobierno"},"content":{"rendered":"\n<p>Ante un auditorio repleto, CAF present\u00f3 este martes sus Propuestas al pr\u00f3ximo Gobierno. Desde la primera fila, los candidatos presidenciables Daniel Mart\u00ednez, Ernesto Talvi, Gonzalo Abella, Guido Manini R\u00edos, Luis Lacalle Pou y Pablo Mieres, siguieron con atenci\u00f3n los aportes vertidos por la presidenta y el vicepresidente de CAF, Virginia San Mart\u00edn y Pablo Perdomo. <br><\/p>\n\n\n\n<p>El evento, que fue moderado por la periodista Claudia Garc\u00eda, reuni\u00f3 tambi\u00e9n a otras figuras destacadas del sector pol\u00edtico nacional, como Beatriz Argim\u00f3n Carolina Cosse y Julio Mar\u00eda Sanguinetti, as\u00ed como autoridades vinculadas al sector agropecuario y cooperativo, e integrantes de todas las cooperativas socias de CAF. <br><\/p>\n\n\n\n<p>Medios de comunicaci\u00f3n agropecuaria y no agropecuaria se hicieron eco de la actividad. Varios de ellos resaltaron que se trat\u00f3 del primer encuentro con los candidatos tras las elecciones internas desarrolladas el 30 de junio. <br> <\/p>\n\n\n\n<p><strong>En clave de Propuestas<\/strong><br> <\/p>\n\n\n\n<p>El documento de CAF, que resume la visi\u00f3n y objetivos prioritarios de la Gremial de cara al pr\u00f3ximo quinquenio, aborda temas como competitividad, relaciones laborales, g\u00e9nero y j\u00f3venes en el medio rural, tributaci\u00f3n, seguridad rural, inserci\u00f3n comercial internacional y uso responsable de los recursos naturales.<br> <\/p>\n\n\n\n<p>A continuaci\u00f3n compartimos algunas de las Propuestas que fueron planteadas por las autoridades de CAF en el evento: <\/p>\n\n\n\n<p><br> \u2022    \u00abEn momentos de retracci\u00f3n y no  crecimiento, tenemos que priorizar el empleo. En el per\u00edodo del 2006 a 2018 el incremento del salario en el sector agr\u00edcola fue de 300% y la inflaci\u00f3n de 150 % (Seg\u00fan estudio CAF, 2019)\u00bb. <\/p>\n\n\n\n<p>\u2022    \u201cEs necesario generar nuevas l\u00edneas de financiamiento a largo plazo, espec\u00edficas para las cooperativas agrarias y con condiciones acordes las necesidades de  productores y demandas de inversi\u00f3n de cooperativas\u201d. <\/p>\n\n\n\n<p>\u2022    \u00abUna amenaza para el sistema cooperativo es la p\u00e9rdida de beneficios tributarios superados por otras formas jur\u00eddicas\u00bb. <\/p>\n\n\n\n<p>\u2022    \u00abEs necesario integrar las nuevas tecnolog\u00edas para mejorar la transferencia al sector. Necesitamos que la generaci\u00f3n de oferta de formaci\u00f3n y capacitaci\u00f3n sea integral\u00bb. <\/p>\n\n\n\n<p>\u2022    \u00abQueremos incluir a la Seguridad Rural como una pol\u00edtica de Estado. \u00bfNo necesitaremos fiscal\u00edas especializadas en la realidad agropecuaria para un mejor abordaje de este problema?<\/p>\n\n\n\n<p>\u2022    \u201cEl uso responsable de los recursos naturales no puede esperar m\u00e1s. Debemos reforzar el compromiso con todas las partes para las buenas pr\u00e1cticas ambientales\u201d.<\/p>\n\n\n\n<p>\u2022    \u00abEl pa\u00eds necesita fortalecer a las empresas cooperativas, porque es la mejor forma de proteger a los productores rurales, especialmente a los de menor escala. Por eso defendemos con convicci\u00f3n nuestra marca cooperativa\u00bb.<br><\/p>\n\n\n\n<p><strong>La foto m\u00e1s buscada<\/strong><br> <\/p>\n\n\n\n<p>Al finalizar la presentaci\u00f3n de las Propuestas, la periodista Claudia Garc\u00eda invit\u00f3 a los candidatos presidenciables a subir al escenario para recibir el documento de mano de las autoridades de CAF y para tomarse una fotograf\u00eda conjunta, la que se ha vuelto un hito de la presente campa\u00f1a electoral. <\/p>\n\n\n\n<figure class=\"wp-block-image\"><img fetchpriority=\"high\" decoding=\"async\" width=\"650\" height=\"423\" src=\"https:\/\/caf.org.uy\/caf\/wp-content\/uploads\/2019\/07\/IMG_5817-650x423.jpg\" alt=\"\" class=\"wp-image-6012\" srcset=\"https:\/\/caf.org.uy\/caf\/wp-content\/uploads\/2019\/07\/IMG_5817-650x423.jpg 650w, https:\/\/caf.org.uy\/caf\/wp-content\/uploads\/2019\/07\/IMG_5817-420x273.jpg 420w, https:\/\/caf.org.uy\/caf\/wp-content\/uploads\/2019\/07\/IMG_5817-768x500.jpg 768w, https:\/\/caf.org.uy\/caf\/wp-content\/uploads\/2019\/07\/IMG_5817-1000x650.jpg 1000w\" sizes=\"(max-width: 650px) 100vw, 650px\" \/><\/figure>\n\n\n\n<p><a href=\"https:\/\/caf.org.uy\/caf\/?page_id=89\">Acceda aqu\u00ed a la versi\u00f3n digital del documento \u201cPropuestas de Cooperativas Agrarias Federadas al pr\u00f3ximo Gobierno\u201d<\/a>. <\/p>\n","protected":false},"excerpt":{"rendered":"<p>Ante un auditorio repleto, CAF present\u00f3 este martes sus Propuestas al pr\u00f3ximo Gobierno. Desde la primera fila, los candidatos presidenciables Daniel Mart\u00ednez, Ernesto Talvi, Gonzalo Abella, Guido Manini R\u00edos, Luis &hellip; <a class=\"readmore\" href=\"https:\/\/caf.org.uy\/caf\/exitosa-presentacion-de-propuestas-de-caf-al-proximo-gobierno\/\">Seguir leyendo &rarr;<\/a><\/p>\n","protected":false},"author":5,"featured_media":6012,"comment_status":"open","ping_status":"closed","sticky":false,"template":"","format":"standard","meta":{"csbAdvScrollBarCursor":"","footnotes":""},"categories":[20,2,42],"tags":[],"class_list":["post-6011","post","type-post","status-publish","format-standard","has-post-thumbnail","hentry","category-institucional-gremial","category-noticias","category-portada"],"_links":{"self":[{"href":"https:\/\/caf.org.uy\/caf\/wp-json\/wp\/v2\/posts\/6011","targetHints":{"allow":["GET"]}}],"collection":[{"href":"https:\/\/caf.org.uy\/caf\/wp-json\/wp\/v2\/posts"}],"about":[{"href":"https:\/\/caf.org.uy\/caf\/wp-json\/wp\/v2\/types\/post"}],"author":[{"embeddable":true,"href":"https:\/\/caf.org.uy\/caf\/wp-json\/wp\/v2\/users\/5"}],"replies":[{"embeddable":true,"href":"https:\/\/caf.org.uy\/caf\/wp-json\/wp\/v2\/comments?post=6011"}],"version-history":[{"count":1,"href":"https:\/\/caf.org.uy\/caf\/wp-json\/wp\/v2\/posts\/6011\/revisions"}],"predecessor-version":[{"id":6013,"href":"https:\/\/caf.org.uy\/caf\/wp-json\/wp\/v2\/posts\/6011\/revisions\/6013"}],"wp:featuredmedia":[{"embeddable":true,"href":"https:\/\/caf.org.uy\/caf\/wp-json\/wp\/v2\/media\/6012"}],"wp:attachment":[{"href":"https:\/\/caf.org.uy\/caf\/wp-json\/wp\/v2\/media?parent=6011"}],"wp:term":[{"taxonomy":"category","embeddable":true,"href":"https:\/\/caf.org.uy\/caf\/wp-json\/wp\/v2\/categories?post=6011"},{"taxonomy":"post_tag","embeddable":true,"href":"https:\/\/caf.org.uy\/caf\/wp-json\/wp\/v2\/tags?post=6011"}],"curies":[{"name":"wp","href":"https:\/\/api.w.org\/{rel}","templated":true}]}}