{"id":5977,"date":"2019-07-12T15:27:59","date_gmt":"2019-07-12T15:27:59","guid":{"rendered":"http:\/\/www.caf.org.uy\/site\/?p=5977"},"modified":"2019-07-12T15:27:59","modified_gmt":"2019-07-12T15:27:59","slug":"celebramos-el-dia-de-las-cooperativas","status":"publish","type":"post","link":"https:\/\/caf.org.uy\/caf\/celebramos-el-dia-de-las-cooperativas\/","title":{"rendered":"Celebramos el d\u00eda de las Cooperativas"},"content":{"rendered":"\n<p>El s\u00e1bado 6 de julio en la ciudad de Canelones se realiz\u00f3 el evento conmemorativo del D\u00eda Internacional de las Cooperativas. Stefan\u00eda Silveyra, tesorera de CAF, expuso en el evento.<br \/><\/p>\n\n\n<p>\u201cEn tiempos de incertidumbre las cooperativas ofrecemos certezas, lo que es un elemento central para garantizar el trabajo digno. Las cooperativas agrarias estamos arraigadas a nuestro entorno, generando empleo de calidad a nivel local. Reinvertimos en nuestras comunidades y nuestros territorios, porque es el lugar donde trabajos y vivimos\u201d, dijo la directiva de <\/p>\n\n\n<p><strong>CAF en su discurso<\/strong><\/p>\n\n\n<p>El evento se realiz\u00f3 en la Ciudad de Canelones en el marco de la Declaraci\u00f3n de la misma como Capital Nacional del Cooperativismo 2019.<br \/><\/p>\n\n\n<p><strong>Celebraci\u00f3n canaria<\/strong><br \/><\/p>\n\n\n<p>Convocados por la Confederaci\u00f3n Uruguaya de Entidades Cooperativas (CUDECOOP), el Instituto Nacional del Cooperativismo (INACOOP); y la Intendencia de Canelones, m\u00e1s de cien cooperativistas participaron de espacios de reflexi\u00f3n, juegos, charlas, intercambios y un espect\u00e1culo art\u00edstico a cargo del Ballet Folkl\u00f3rico Aborigen.<br \/><\/p>\n\n\n<p>El acto protocolar estuvo a cargo de Marcelo Metediera, intendente interino de Canelones; Carlos Reyes, vicepresidente del INACOOP y Graciela Fern\u00e1ndez, presidenta de CUDECOOP y Cooperativas de las Am\u00e9ricas. Las autoridades reafirmaron el mensaje propuesto por la Alianza Cooperativa Internacional para este a\u00f1o \u201ccooperativas por un trabajo digno\u201d.<br \/><\/p>\n\n\n<p>Como nota de color, al momento de dar su discurso, Carlos Reyes (vicepresidente de INACOOP) dijo que el mejor vino Tannat es de Canelones y lo produce nuestra socia Establecimiento VICCA. <\/p>\n","protected":false},"excerpt":{"rendered":"<p>El s\u00e1bado 6 de julio en la ciudad de Canelones se realiz\u00f3 el evento conmemorativo del D\u00eda Internacional de las Cooperativas. Stefan\u00eda Silveyra, tesorera de CAF, expuso en el evento. &hellip; <a class=\"readmore\" href=\"https:\/\/caf.org.uy\/caf\/celebramos-el-dia-de-las-cooperativas\/\">Seguir leyendo &rarr;<\/a><\/p>\n","protected":false},"author":1,"featured_media":5978,"comment_status":"open","ping_status":"closed","sticky":false,"template":"","format":"standard","meta":{"csbAdvScrollBarCursor":"","footnotes":""},"categories":[22,2,42],"tags":[],"class_list":["post-5977","post","type-post","status-publish","format-standard","has-post-thumbnail","hentry","category-cooperativismo","category-noticias","category-portada"],"_links":{"self":[{"href":"https:\/\/caf.org.uy\/caf\/wp-json\/wp\/v2\/posts\/5977","targetHints":{"allow":["GET"]}}],"collection":[{"href":"https:\/\/caf.org.uy\/caf\/wp-json\/wp\/v2\/posts"}],"about":[{"href":"https:\/\/caf.org.uy\/caf\/wp-json\/wp\/v2\/types\/post"}],"author":[{"embeddable":true,"href":"https:\/\/caf.org.uy\/caf\/wp-json\/wp\/v2\/users\/1"}],"replies":[{"embeddable":true,"href":"https:\/\/caf.org.uy\/caf\/wp-json\/wp\/v2\/comments?post=5977"}],"version-history":[{"count":0,"href":"https:\/\/caf.org.uy\/caf\/wp-json\/wp\/v2\/posts\/5977\/revisions"}],"wp:featuredmedia":[{"embeddable":true,"href":"https:\/\/caf.org.uy\/caf\/wp-json\/wp\/v2\/media\/5978"}],"wp:attachment":[{"href":"https:\/\/caf.org.uy\/caf\/wp-json\/wp\/v2\/media?parent=5977"}],"wp:term":[{"taxonomy":"category","embeddable":true,"href":"https:\/\/caf.org.uy\/caf\/wp-json\/wp\/v2\/categories?post=5977"},{"taxonomy":"post_tag","embeddable":true,"href":"https:\/\/caf.org.uy\/caf\/wp-json\/wp\/v2\/tags?post=5977"}],"curies":[{"name":"wp","href":"https:\/\/api.w.org\/{rel}","templated":true}]}}