{"id":5960,"date":"2019-07-10T12:52:46","date_gmt":"2019-07-10T12:52:46","guid":{"rendered":"https:\/\/caf.org.uy\/caf\/?p=5960"},"modified":"2019-07-18T12:52:33","modified_gmt":"2019-07-18T12:52:33","slug":"vota-por-tu-foto-preferida","status":"publish","type":"post","link":"https:\/\/caf.org.uy\/caf\/vota-por-tu-foto-preferida\/","title":{"rendered":"Concurso CAF: \u00a1Vot\u00e1 por tu imagen preferida!"},"content":{"rendered":"\n<p>Recibimos m\u00e1s de 60 im\u00e1genes para el concurso \u201cYo amo mi trabajo en el campo\u201d. El Jurado ya defini\u00f3 cu\u00e1l foto ser\u00e1 reconocida con el primer premio\u2026 \u00a1ahora te toca a vos elegir a cu\u00e1l le otorgamos el segundo premio!<\/p>\n\n\n\n<p>Las fotos recibidas retratan el d\u00eda a d\u00eda de los productores que integran las cooperativas socias de CAF. Todas muestran una mirada positiva del sector agrario y transmiten el compromiso de quienes nos desempe\u00f1amos en el mismo.<br><\/p>\n\n\n\n<p>El Jurado del concurso -integrado por Patricia C\u00e9spedes, Florencia Gesto y Alejandro Horack- evalu\u00f3 las im\u00e1genes recibidas, defini\u00f3 cu\u00e1l ser\u00e1 reconocida con el primer premio y preseleccion\u00f3 9 fotos, entre la que definiremos cu\u00e1l obtendr\u00e1 el 2\u00b0  premio a trav\u00e9s de una votaci\u00f3n en la p\u00e1gina de Facebook de CAF.<br><\/p>\n\n\n\n<p><strong>\u00a1Todos podemos elegir qu\u00e9 foto queremos que sea reconocida con el 2\u00b0 premio!<\/strong><br><\/p>\n\n\n\n<p>Del mi\u00e9rcoles 10 al lunes 15 de julio, se puede visitar la p\u00e1gina de Facebook de CAF, <a href=\"https:\/\/www.facebook.com\/cafuruguay\/\">siguiendo este enlace<\/a>, y votar (dando \u201cMe gusta\u201d) por una de las 9 fotos preseleccionadas por el Jurado. La que obtenga m\u00e1s \u201cMe gusta\u201d, ser\u00e1 reconocida con el 2\u00b0 premio. <br><\/p>\n\n\n\n<p>El 23 de julio a las 11 horas, previo al inicio de la Asamblea Anual de CAF, entregaremos los reconocimientos a los ganadores del Concurso. <\/p>\n","protected":false},"excerpt":{"rendered":"<p>Recibimos m\u00e1s de 60 im\u00e1genes para el concurso \u201cYo amo mi trabajo en el campo\u201d. El Jurado ya defini\u00f3 cu\u00e1l foto ser\u00e1 reconocida con el primer premio\u2026 \u00a1ahora te toca &hellip; <a class=\"readmore\" href=\"https:\/\/caf.org.uy\/caf\/vota-por-tu-foto-preferida\/\">Seguir leyendo &rarr;<\/a><\/p>\n","protected":false},"author":5,"featured_media":5970,"comment_status":"open","ping_status":"closed","sticky":false,"template":"","format":"standard","meta":{"csbAdvScrollBarCursor":"","footnotes":""},"categories":[2,42],"tags":[],"class_list":["post-5960","post","type-post","status-publish","format-standard","has-post-thumbnail","hentry","category-noticias","category-portada"],"_links":{"self":[{"href":"https:\/\/caf.org.uy\/caf\/wp-json\/wp\/v2\/posts\/5960","targetHints":{"allow":["GET"]}}],"collection":[{"href":"https:\/\/caf.org.uy\/caf\/wp-json\/wp\/v2\/posts"}],"about":[{"href":"https:\/\/caf.org.uy\/caf\/wp-json\/wp\/v2\/types\/post"}],"author":[{"embeddable":true,"href":"https:\/\/caf.org.uy\/caf\/wp-json\/wp\/v2\/users\/5"}],"replies":[{"embeddable":true,"href":"https:\/\/caf.org.uy\/caf\/wp-json\/wp\/v2\/comments?post=5960"}],"version-history":[{"count":5,"href":"https:\/\/caf.org.uy\/caf\/wp-json\/wp\/v2\/posts\/5960\/revisions"}],"predecessor-version":[{"id":5968,"href":"https:\/\/caf.org.uy\/caf\/wp-json\/wp\/v2\/posts\/5960\/revisions\/5968"}],"wp:featuredmedia":[{"embeddable":true,"href":"https:\/\/caf.org.uy\/caf\/wp-json\/wp\/v2\/media\/5970"}],"wp:attachment":[{"href":"https:\/\/caf.org.uy\/caf\/wp-json\/wp\/v2\/media?parent=5960"}],"wp:term":[{"taxonomy":"category","embeddable":true,"href":"https:\/\/caf.org.uy\/caf\/wp-json\/wp\/v2\/categories?post=5960"},{"taxonomy":"post_tag","embeddable":true,"href":"https:\/\/caf.org.uy\/caf\/wp-json\/wp\/v2\/tags?post=5960"}],"curies":[{"name":"wp","href":"https:\/\/api.w.org\/{rel}","templated":true}]}}