{"id":5928,"date":"2019-07-13T10:05:17","date_gmt":"2019-07-13T10:05:17","guid":{"rendered":"http:\/\/www.caf.org.uy\/site\/?p=5928"},"modified":"2019-07-13T10:05:17","modified_gmt":"2019-07-13T10:05:17","slug":"invitacion-caf-presenta-sus-propuestas-al-proximo-gobierno","status":"publish","type":"post","link":"https:\/\/caf.org.uy\/caf\/invitacion-caf-presenta-sus-propuestas-al-proximo-gobierno\/","title":{"rendered":"CAF presenta sus Propuestas al pr\u00f3ximo Gobierno"},"content":{"rendered":"\n<p>El martes 23 de julio a las 9 horas, CAF presentar\u00e1 sus Propuestas al pr\u00f3ximo Gobierno. La actividad es abierta y las inscripciones se realizan a trav\u00e9s de este <strong><a href=\"https:\/\/docs.google.com\/forms\/d\/1DENwwhPliJRDXKNqK8Ko-dMCfjl8wp21kpjM1iFIoEY\/edit\">FORMULARIO ONLINE<\/a><\/strong>. \u00a1Te esperamos!<br \/><\/p>\n\n\n<p>Las Propuestas de CAF resumen la visi\u00f3n y objetivos prioritarios del cooperativismo agrario uruguayo de cara al pr\u00f3ximo quinquenio. Buscan ser un instrumento de contacto y de di\u00e1logo con el futuro Gobierno y los integrantes de los partidos pol\u00edticos con representaci\u00f3n parlamentaria en Uruguay. <br \/><\/p>\n\n\n<p>El documento ha sido formulado con la participaci\u00f3n y el compromiso de las cooperativas agrarias socias de CAF, que integran a m\u00e1s de 10.000 productores rurales, fundamentalmente de peque\u00f1a y mediana escala. Son cooperativas que est\u00e1n dedicadas a la producci\u00f3n lechera, ganadera, agricultura y granja, entre otros rubros, y que se ubican a lo largo de todo el territorio nacional.<br \/><\/p>\n\n\n<p><strong>Sobre el evento de presentaci\u00f3n<\/strong><br \/><\/p>\n\n\n<p>El evento de presentaci\u00f3n reunir\u00e1 a futuros gobernantes, actores de la institucionalidad agropecuaria y cooperativa, productores rurales de todo el pa\u00eds y medios de comunicaci\u00f3n. <strong>Luis Lacalle Pou<\/strong> (Partido Nacional), <strong>Daniel Mart\u00ednez<\/strong> (Frente Amplio), <strong>Ernesto Talvi<\/strong> (Partido Colorado), <strong>Pablo Mieres<\/strong> (Partido Independiente),  <strong>Guido Manini R\u00edos<\/strong> (Cabildo Abierto),  <strong>Edgardo Novick<\/strong> (Partido de la Gente), <strong>Gonzalo Abella<\/strong> (Uni\u00f3n Popular),  <strong>Carolina Cosse<\/strong> (Frente Amplio) y <strong>\u00d3scar Andrade<\/strong> (Frente Amplio) son algunas de las figuras pol\u00edticas que ya han confirmado su participaci\u00f3n. <br \/><\/p>\n\n\n<p><strong>Datos relevantes<\/strong><\/p>\n\n\n<p><br \/><strong>Fecha:<\/strong> Martes 23 de julio<br \/><strong>Horario: <\/strong>9 a 10 horas<br \/><strong>Lugar:<\/strong> Hotel NH Columbia, sala Misiones (Rambla Gran Breta\u00f1a 473), Montevideo. <br \/><strong>Inscripciones:<\/strong> A trav\u00e9s de este <a href=\"https:\/\/docs.google.com\/forms\/d\/1DENwwhPliJRDXKNqK8Ko-dMCfjl8wp21kpjM1iFIoEY\/edit\"><strong>FORMULARIO ONLINE<\/strong><\/a>. <\/p>\n\n\n<figure class=\"wp-block-image\"><img fetchpriority=\"high\" decoding=\"async\" width=\"650\" height=\"452\" src=\"http:\/\/www.caf.org.uy\/site\/wp-content\/uploads\/2019\/07\/Invitacion-Presentacion-Propuestas-Programaticas-2019-650x452.jpg\" alt=\"\" class=\"wp-image-5929\" srcset=\"https:\/\/caf.org.uy\/caf\/wp-content\/uploads\/2019\/07\/Invitacion-Presentacion-Propuestas-Programaticas-2019-650x452.jpg 650w, https:\/\/caf.org.uy\/caf\/wp-content\/uploads\/2019\/07\/Invitacion-Presentacion-Propuestas-Programaticas-2019-420x292.jpg 420w, https:\/\/caf.org.uy\/caf\/wp-content\/uploads\/2019\/07\/Invitacion-Presentacion-Propuestas-Programaticas-2019-768x534.jpg 768w, https:\/\/caf.org.uy\/caf\/wp-content\/uploads\/2019\/07\/Invitacion-Presentacion-Propuestas-Programaticas-2019-1000x695.jpg 1000w, https:\/\/caf.org.uy\/caf\/wp-content\/uploads\/2019\/07\/Invitacion-Presentacion-Propuestas-Programaticas-2019.jpg 1788w\" sizes=\"(max-width: 650px) 100vw, 650px\" \/><\/figure>\n","protected":false},"excerpt":{"rendered":"<p>El martes 23 de julio a las 9 horas, CAF presentar\u00e1 sus Propuestas al pr\u00f3ximo Gobierno. La actividad es abierta y las inscripciones se realizan a trav\u00e9s de este FORMULARIO &hellip; <a class=\"readmore\" href=\"https:\/\/caf.org.uy\/caf\/invitacion-caf-presenta-sus-propuestas-al-proximo-gobierno\/\">Seguir leyendo &rarr;<\/a><\/p>\n","protected":false},"author":1,"featured_media":5929,"comment_status":"open","ping_status":"closed","sticky":false,"template":"","format":"standard","meta":{"csbAdvScrollBarCursor":"","footnotes":""},"categories":[22,20,2,42],"tags":[],"class_list":["post-5928","post","type-post","status-publish","format-standard","has-post-thumbnail","hentry","category-cooperativismo","category-institucional-gremial","category-noticias","category-portada"],"_links":{"self":[{"href":"https:\/\/caf.org.uy\/caf\/wp-json\/wp\/v2\/posts\/5928","targetHints":{"allow":["GET"]}}],"collection":[{"href":"https:\/\/caf.org.uy\/caf\/wp-json\/wp\/v2\/posts"}],"about":[{"href":"https:\/\/caf.org.uy\/caf\/wp-json\/wp\/v2\/types\/post"}],"author":[{"embeddable":true,"href":"https:\/\/caf.org.uy\/caf\/wp-json\/wp\/v2\/users\/1"}],"replies":[{"embeddable":true,"href":"https:\/\/caf.org.uy\/caf\/wp-json\/wp\/v2\/comments?post=5928"}],"version-history":[{"count":0,"href":"https:\/\/caf.org.uy\/caf\/wp-json\/wp\/v2\/posts\/5928\/revisions"}],"wp:featuredmedia":[{"embeddable":true,"href":"https:\/\/caf.org.uy\/caf\/wp-json\/wp\/v2\/media\/5929"}],"wp:attachment":[{"href":"https:\/\/caf.org.uy\/caf\/wp-json\/wp\/v2\/media?parent=5928"}],"wp:term":[{"taxonomy":"category","embeddable":true,"href":"https:\/\/caf.org.uy\/caf\/wp-json\/wp\/v2\/categories?post=5928"},{"taxonomy":"post_tag","embeddable":true,"href":"https:\/\/caf.org.uy\/caf\/wp-json\/wp\/v2\/tags?post=5928"}],"curies":[{"name":"wp","href":"https:\/\/api.w.org\/{rel}","templated":true}]}}