{"id":5887,"date":"2019-05-24T17:51:39","date_gmt":"2019-05-24T17:51:39","guid":{"rendered":"http:\/\/www.caf.org.uy\/site\/?p=5887"},"modified":"2019-05-24T17:51:39","modified_gmt":"2019-05-24T17:51:39","slug":"caf-recibio-a-representantes-del-cooperativismo-agropecuario-de-america","status":"publish","type":"post","link":"https:\/\/caf.org.uy\/caf\/caf-recibio-a-representantes-del-cooperativismo-agropecuario-de-america\/","title":{"rendered":"CAF recibi\u00f3 a referentes del cooperativismo agrario de Am\u00e9rica"},"content":{"rendered":"\n<p>En el marco del 75\u00ba Consejo de Administraci\u00f3n de Cooperativas de las Am\u00e9ricas, que se realiz\u00f3 del 20 al 22 de mayo en Montevideo, CAF fue sede de la reuni\u00f3n de la Red de Cooperativas Agropecuarias de las Am\u00e9ricas (REDACOOP).<br \/><\/p>\n\n\n<p>Representantes del cooperativismo agropecuario de Paraguay, Argentina y Uruguay participaron del encuentro. Tambi\u00e9n lo hicieron Graciela Fern\u00e1ndez y Danilo Salerno, Presidenta y Director Regional de Cooperativas de las Am\u00e9ricas, respectivamente. <br \/><\/p>\n\n\n<p>En la instancia, los miembros de la REDACOOP dieron un paso fundamental: resolvieron que la Red se convertir\u00e1 en Comit\u00e9 Sectorial de Cooperativas de las Am\u00e9rica. \u201cEl cambio nos permitir\u00e1 ser parte del trabajo que hace la Alianza Internacional de Cooperativas (ACI) y acceder a los acuerdos firmados con instituciones como FAO, IICA, FIDA, Uni\u00f3n Europea y Organizaci\u00f3n Internacional de Cooperativas Agropecuarias. Tambi\u00e9n nos permitir\u00e1 tener voz en el Consejo de Administraci\u00f3n de ACI y nos dar\u00e1 m\u00e1s visibilidad. Nos permitir\u00e1 crecer como representantes de las cooperativas agropecuarias de las Am\u00e9ricas\u201d, evalu\u00f3 Luis Frachia, gerente de CAF y coordinador de REDACOOP.<br \/><\/p>\n\n\n<p>Los temas comerciales, la posibilidad de generar alianzas concretas para ganar escala y potenciar el comercio, fue uno de los ejes centrales de la reuni\u00f3n. \u201cTambi\u00e9n se habl\u00f3 bastante sobre los j\u00f3venes, c\u00f3mo lograr algunas acciones concretas para ayudarnos  mutuamente en ese trabajo de acercar los j\u00f3venes a las cooperativas y vincularnos\u201d, cont\u00f3 Frachia. <\/p>\n\n\n<p><br \/> <\/p>\n\n\n<div class=\"wp-block-image\"><figure class=\"aligncenter is-resized\"><img fetchpriority=\"high\" decoding=\"async\" src=\"http:\/\/www.caf.org.uy\/site\/wp-content\/uploads\/2019\/05\/REDACOOP-1-650x394.jpg\" alt=\"\" class=\"wp-image-5892\" width=\"366\" height=\"221\" srcset=\"https:\/\/caf.org.uy\/caf\/wp-content\/uploads\/2019\/05\/REDACOOP-1-650x394.jpg 650w, https:\/\/caf.org.uy\/caf\/wp-content\/uploads\/2019\/05\/REDACOOP-1-420x254.jpg 420w, https:\/\/caf.org.uy\/caf\/wp-content\/uploads\/2019\/05\/REDACOOP-1-768x465.jpg 768w, https:\/\/caf.org.uy\/caf\/wp-content\/uploads\/2019\/05\/REDACOOP-1-1000x606.jpg 1000w, https:\/\/caf.org.uy\/caf\/wp-content\/uploads\/2019\/05\/REDACOOP-1.jpg 1562w\" sizes=\"(max-width: 366px) 100vw, 366px\" \/><\/figure><\/div>\n\n\n<p><strong>\u201cGran potencial en la integraci\u00f3n regional\u201d<\/strong><br \/><\/p>\n\n\n<p>Javier Rodr\u00edguez es agricultor asociado a la cooperativa agropecuaria Cauqueva, de la provincia de Jujuy (Argentina) y es representante de la Confederaci\u00f3n Cooperativa de la Rep\u00fablica Argentina (COOPERAR) en la REDACOOP. <br \/><\/p>\n\n\n<p>\u201cVemos un gran potencial en la integraci\u00f3n regional por temas de incidencia a nivel pol\u00edtico y comercial. Toda organizaci\u00f3n necesita ganar escala, tanto en su relaci\u00f3n con el Estado como en su relaci\u00f3n con el mercado. A nivel pol\u00edtico es importante tener instancias de representaci\u00f3n supranacional del movimiento cooperativo. A nivel comercial, en tanto, desde hace un par de a\u00f1os venimos trabajando en el gran desaf\u00edo de armar una red de intercambio cooperativo por lo menos a nivel del Mercosur. Ese es nuestro sue\u00f1o\u201d, cont\u00f3. <br \/><\/p>\n\n\n<p>Simona Cavazzutti integra una cooperativa productora e industrializadora de granos ubicada en Alto Paran\u00e1 (Paraguay) y es vicepresidente de la Confederaci\u00f3n de Cooperativas Rurales de Paraguay (CONCOPAR). Esta instituci\u00f3n que surgi\u00f3 hace dos a\u00f1os con el objetivo de nuclear a todas las cooperativas del interior del pa\u00eds. <br \/><\/p>\n\n\n<p>\u201cEsta red de cooperativas vinculada a la ACI es sumamente importante. Tenemos que potencializar las redes regionales, integrarnos y generar alianzas, porque ellas sirven para potenciar nuestros derechos y posibilidades de comercializaci\u00f3n. Las cooperativas agrarias y de producci\u00f3n competimos en el mercado, entonces: \u00bfporqu\u00e9 no unirnos y hacer un trabajo conjunto, si tenemos principios en com\u00fan? Tenemos que continuar dando pasos y haciendo visible nuestra red, porque as\u00ed se construye confianza\u201d, se\u00f1al\u00f3. <br \/><\/p>\n\n\n<p><strong>10 a\u00f1os de camino conjunto<\/strong><br \/><\/p>\n\n\n<p>\u201cHace alrededor de 10 a\u00f1os, algunas organizaciones de cooperativas agrarias de distintos pa\u00edses de Am\u00e9rica, identificaron el inter\u00e9s com\u00fan de generar un espacio propio de representaci\u00f3n con los objetivos detener una mayor incidencia a nivel internacional y de potenciar su desarrollo a partir del trabajo conjunto. Hubieron distintas instancias de discusi\u00f3n y aporte, en las que Cooperativas de las Am\u00e9ricas (que integramos a trav\u00e9s de CUDECOOP) apoy\u00f3 fuertemente y CAF particip\u00f3 activamente, que dieron como resultado la conformaci\u00f3n de esta Red\u201d, narr\u00f3 Luis Frachia (gerente de CAF y coordinador de la REDACOOP). <br \/><\/p>\n\n\n<p>Actualmente, la REDACOOP est\u00e1 compuesta por organizaciones de Brasil (Organizaci\u00f3n de Cooperativas de Brasil y Uni\u00f3n Nacional de las Cooperativas de la Agricultura Familiar y Econom\u00eda Solidaria), Argentina (Confederaci\u00f3n Cooperativa de la Rep\u00fablica Argentina y Agricultores Federados Argentinos), Paraguay (Confederaci\u00f3n de Cooperativas Rurales de Paraguay), Bolivia (Federaci\u00f3n Nacional de Cooperativas Agropecuarias) y Estados Unidos (la Asociaci\u00f3n Nacional de Negocios Cooperativos de Estados Unidos).<\/p>\n","protected":false},"excerpt":{"rendered":"<p>En el marco del 75\u00ba Consejo de Administraci\u00f3n de Cooperativas de las Am\u00e9ricas, que se realiz\u00f3 del 20 al 22 de mayo en Montevideo, CAF fue sede de la reuni\u00f3n &hellip; <a class=\"readmore\" href=\"https:\/\/caf.org.uy\/caf\/caf-recibio-a-representantes-del-cooperativismo-agropecuario-de-america\/\">Seguir leyendo &rarr;<\/a><\/p>\n","protected":false},"author":1,"featured_media":5888,"comment_status":"open","ping_status":"closed","sticky":false,"template":"","format":"standard","meta":{"csbAdvScrollBarCursor":"","footnotes":""},"categories":[22,42],"tags":[],"class_list":["post-5887","post","type-post","status-publish","format-standard","has-post-thumbnail","hentry","category-cooperativismo","category-portada"],"_links":{"self":[{"href":"https:\/\/caf.org.uy\/caf\/wp-json\/wp\/v2\/posts\/5887","targetHints":{"allow":["GET"]}}],"collection":[{"href":"https:\/\/caf.org.uy\/caf\/wp-json\/wp\/v2\/posts"}],"about":[{"href":"https:\/\/caf.org.uy\/caf\/wp-json\/wp\/v2\/types\/post"}],"author":[{"embeddable":true,"href":"https:\/\/caf.org.uy\/caf\/wp-json\/wp\/v2\/users\/1"}],"replies":[{"embeddable":true,"href":"https:\/\/caf.org.uy\/caf\/wp-json\/wp\/v2\/comments?post=5887"}],"version-history":[{"count":0,"href":"https:\/\/caf.org.uy\/caf\/wp-json\/wp\/v2\/posts\/5887\/revisions"}],"wp:featuredmedia":[{"embeddable":true,"href":"https:\/\/caf.org.uy\/caf\/wp-json\/wp\/v2\/media\/5888"}],"wp:attachment":[{"href":"https:\/\/caf.org.uy\/caf\/wp-json\/wp\/v2\/media?parent=5887"}],"wp:term":[{"taxonomy":"category","embeddable":true,"href":"https:\/\/caf.org.uy\/caf\/wp-json\/wp\/v2\/categories?post=5887"},{"taxonomy":"post_tag","embeddable":true,"href":"https:\/\/caf.org.uy\/caf\/wp-json\/wp\/v2\/tags?post=5887"}],"curies":[{"name":"wp","href":"https:\/\/api.w.org\/{rel}","templated":true}]}}