{"id":5867,"date":"2019-05-17T14:00:45","date_gmt":"2019-05-17T14:00:45","guid":{"rendered":"https:\/\/caf.org.uy\/caf\/?p=5867"},"modified":"2019-05-17T14:00:47","modified_gmt":"2019-05-17T14:00:47","slug":"exitosa-experiencia-de-calsal-en-produccion-de-inia-basalto","status":"publish","type":"post","link":"https:\/\/caf.org.uy\/caf\/exitosa-experiencia-de-calsal-en-produccion-de-inia-basalto\/","title":{"rendered":"Exitosa experiencia de CALSAL en producci\u00f3n de INIA Basalto"},"content":{"rendered":"\n<p>En 2018 el INIA llam\u00f3 a organizaciones interesadas en realizar la producci\u00f3n y comercializaci\u00f3n de Lotus angustissimus (m\u00e1s conocida como INIA Basalto), una variedad de semilla que se caracteriza por su buen comportamiento productivo en la regi\u00f3n del Basalto. La cooperativa CALSAL se present\u00f3 al llamado y fue la \u00fanica concesionaria que logr\u00f3 cosechar y vender la semilla, con excelentes resultados. <\/p>\n\n\n\n<p>\u201cFue la primer vez que este semilla se multiplic\u00f3 comercialmente. Como socio de la cooperativa, <a href=\"http:\/\/www.calsal.com.uy\/joomla30\/\">CALSAL<\/a> me propuso la posibilidad de plantarla en casa. Sembramos los 30 kilos de semilla que nos brind\u00f3 <a href=\"http:\/\/www.inia.uy\/\">INIA<\/a> en un \u00e1rea de 15 hect\u00e1reas y el resultado fue muy bueno: obtuvimos 300 kilos por hect\u00e1rea de semilla limpia y apta para la venta. La cooperativa abri\u00f3 una lista de socios interesados en comprarla y el inter\u00e9s super\u00f3 ampliamente la expectativa\u201d, cont\u00f3 Gustavo Bistolfi, directivo de CAF y socio de CALSAL. <\/p>\n\n\n\n<div class=\"wp-block-image\"><figure class=\"aligncenter is-resized\"><img fetchpriority=\"high\" decoding=\"async\" src=\"https:\/\/caf.org.uy\/caf\/wp-content\/uploads\/2019\/05\/5b3565a0-de30-469e-9ee1-ecdc83dc1fc1-650x366.jpg\" alt=\"\" class=\"wp-image-5868\" width=\"436\" height=\"245\" srcset=\"https:\/\/caf.org.uy\/caf\/wp-content\/uploads\/2019\/05\/5b3565a0-de30-469e-9ee1-ecdc83dc1fc1-650x366.jpg 650w, https:\/\/caf.org.uy\/caf\/wp-content\/uploads\/2019\/05\/5b3565a0-de30-469e-9ee1-ecdc83dc1fc1-420x236.jpg 420w, https:\/\/caf.org.uy\/caf\/wp-content\/uploads\/2019\/05\/5b3565a0-de30-469e-9ee1-ecdc83dc1fc1-768x432.jpg 768w, https:\/\/caf.org.uy\/caf\/wp-content\/uploads\/2019\/05\/5b3565a0-de30-469e-9ee1-ecdc83dc1fc1-1000x563.jpg 1000w, https:\/\/caf.org.uy\/caf\/wp-content\/uploads\/2019\/05\/5b3565a0-de30-469e-9ee1-ecdc83dc1fc1.jpg 1600w\" sizes=\"(max-width: 436px) 100vw, 436px\" \/><\/figure><\/div>\n\n\n\n<p><strong>Sobre la semilla INIA Basalto<\/strong><\/p>\n\n\n\n<p>\u201cEl uso de esta planta est\u00e1 pensado para el mejoramiento de las pasturas para siembra. Es similar al uso que se le da al Lotus Rinc\u00f3n en el sur del R\u00edo Negro\u201d, explic\u00f3 Bistolfi.  Se trata de una especie anual con ciclo inverno primaveral de buen comportamiento productivo en suelos de basalto y otros suelos medios y superficiales del pa\u00eds. Su adaptaci\u00f3n a ambientes marginales, la alta producci\u00f3n de forraje y semilla, su capacidad de resiembra y alta calidad del forraje la han hecho atractiva como especie forrajera.  <\/p>\n\n\n\n<p><strong>Una relaci\u00f3n ganar-ganar<\/strong><\/p>\n\n\n\n<p>\u201cEsta alianza de la cooperativa con INIA refuerza el v\u00ednculo que ya tenemos a trav\u00e9s de Grupo Trigo y Grupo Soja. Adem\u00e1s jerarquiza a la cooperativa ante los productores y los socios, porque muestra que desde CALSAL siempre se est\u00e1 buscando nuevas alternativas en pos del bien com\u00fan, la producci\u00f3n y el desarrollo de la zona\u201d, se\u00f1al\u00f3 el directivo. <\/p>\n\n\n\n<p>Por su parte, Alberto Bozzo, delegado de CAF en INIA, manifest\u00f3: \u201cEstos acuerdos entre las cooperativas y el INIA son una relaci\u00f3n ganar-ganar. El Instituto se beneficia porque el material que produce llega a una mayor cantidad de productores y las cooperativas se favorecen doblemente: no solo hacen un muy buen negocio con el licenciamiento, sino que adem\u00e1s sus socios tienen la prioridad a la hora de acceder a semillas de excelente nivel\u201d.<\/p>\n\n\n\n<p>\u201cLa experiencia fue tan buena que el a\u00f1o que viene se duplicar\u00e1 el \u00e1rea de siembra de este semillero. Por eso invitamos desde CAF a que nuestras cooperativas no duden en presentarse a los llamados de licenciamiento de los materiales que estamos permanentemente lanzando desde el INIA\u201d, concluy\u00f3 nuestro delegado. <\/p>\n","protected":false},"excerpt":{"rendered":"<p>En 2018 el INIA llam\u00f3 a organizaciones interesadas en realizar la producci\u00f3n y comercializaci\u00f3n de Lotus angustissimus (m\u00e1s conocida como INIA Basalto), una variedad de semilla que se caracteriza por &hellip; <a class=\"readmore\" href=\"https:\/\/caf.org.uy\/caf\/exitosa-experiencia-de-calsal-en-produccion-de-inia-basalto\/\">Seguir leyendo &rarr;<\/a><\/p>\n","protected":false},"author":5,"featured_media":5869,"comment_status":"open","ping_status":"closed","sticky":false,"template":"","format":"standard","meta":{"csbAdvScrollBarCursor":"","footnotes":""},"categories":[22,2,42],"tags":[],"class_list":["post-5867","post","type-post","status-publish","format-standard","has-post-thumbnail","hentry","category-cooperativismo","category-noticias","category-portada"],"_links":{"self":[{"href":"https:\/\/caf.org.uy\/caf\/wp-json\/wp\/v2\/posts\/5867","targetHints":{"allow":["GET"]}}],"collection":[{"href":"https:\/\/caf.org.uy\/caf\/wp-json\/wp\/v2\/posts"}],"about":[{"href":"https:\/\/caf.org.uy\/caf\/wp-json\/wp\/v2\/types\/post"}],"author":[{"embeddable":true,"href":"https:\/\/caf.org.uy\/caf\/wp-json\/wp\/v2\/users\/5"}],"replies":[{"embeddable":true,"href":"https:\/\/caf.org.uy\/caf\/wp-json\/wp\/v2\/comments?post=5867"}],"version-history":[{"count":1,"href":"https:\/\/caf.org.uy\/caf\/wp-json\/wp\/v2\/posts\/5867\/revisions"}],"predecessor-version":[{"id":5870,"href":"https:\/\/caf.org.uy\/caf\/wp-json\/wp\/v2\/posts\/5867\/revisions\/5870"}],"wp:featuredmedia":[{"embeddable":true,"href":"https:\/\/caf.org.uy\/caf\/wp-json\/wp\/v2\/media\/5869"}],"wp:attachment":[{"href":"https:\/\/caf.org.uy\/caf\/wp-json\/wp\/v2\/media?parent=5867"}],"wp:term":[{"taxonomy":"category","embeddable":true,"href":"https:\/\/caf.org.uy\/caf\/wp-json\/wp\/v2\/categories?post=5867"},{"taxonomy":"post_tag","embeddable":true,"href":"https:\/\/caf.org.uy\/caf\/wp-json\/wp\/v2\/tags?post=5867"}],"curies":[{"name":"wp","href":"https:\/\/api.w.org\/{rel}","templated":true}]}}