{"id":5844,"date":"2019-05-10T15:15:06","date_gmt":"2019-05-10T15:15:06","guid":{"rendered":"http:\/\/www.caf.org.uy\/site\/?p=5844"},"modified":"2019-05-10T15:15:06","modified_gmt":"2019-05-10T15:15:06","slug":"la-voz-de-los-protagonistas","status":"publish","type":"post","link":"https:\/\/caf.org.uy\/caf\/la-voz-de-los-protagonistas\/","title":{"rendered":"35 a\u00f1os de CAF en \u00abLa voz de los protagonistas\u00bb"},"content":{"rendered":"\n<p>Vea aqu\u00ed los videos de todas las exposiciones que se realizaron el pasado 9 de abril, en el marco del evento de celebraci\u00f3n del 35\u00b0 aniversario de CAF. <br \/> <\/p>\n\n\n<p>Compartimos los testimonios de Mariela Mart\u00ednez (socia de la cooperativa El Fog\u00f3n), Alejandro Solsona (vicepresidente de la cooperativa Copagran) y Alvaro Ambrois (presidente de la cooperativa CONAPROLE). Los tres son productores rurales que han encontrado en el cooperativismo agrario su lugar donde trabajar con pasi\u00f3n, criar a sus familias y desarrollarse. <br \/><\/p>\n\n\n<p>Tambi\u00e9n compartimos la exposici\u00f3n que Claudio Soumoulou (presidente de la Asociaci\u00f3n de Cooperativas Argentinas) realiz\u00f3 durante el evento y el discurso de cierre de Virginia San Mart\u00edn (presidenta de CAF). <br \/> <\/p>\n\n\n<p><strong><em>Expositores nacionales:<\/em><\/strong> <br \/> <\/p>\n\n\n<p><strong>Mariela Mart\u00ednez <\/strong><br \/>Productora agropecuaria de la zona de Sarand\u00ed del Y\u00ed (Durazno), dedicada al rubro ganadero. Socia y ex directiva de la cooperativa El Fog\u00f3n. Tiene 57 a\u00f1os y dos hijos. <br \/><a href=\"https:\/\/www.youtube.com\/watch?v=sTRO0JUHGuE&amp;list=PL1Xfc7xFYYc5MTS9UTuSdcxfC_swSIso-\">VER EL V\u00cdDEO AQU\u00cd<\/a>. <br \/><\/p>\n\n\n<p><strong>Alejandro Solsona<\/strong><br \/>Productor agropecuario de Carmelo (Colonia). Es t\u00e9cnico agrario y vicepresidente de la cooperativa Copagran. Tiene 38 a\u00f1os y 2 hijos. <br \/><a href=\"https:\/\/www.youtube.com\/watch?v=Hu3hhJw7G2c&amp;list=PL1Xfc7xFYYc5MTS9UTuSdcxfC_swSIso-&amp;index=2\">VER EL V\u00cdDEO AQU\u00cd<\/a>. <br \/><\/p>\n\n\n<p><strong>Alvaro Ambrois<\/strong><br \/>Productor agropecuario e ingeniero agr\u00f3nomo. Es presidente de la cooperativa CONAPROLE, la que constituye el mayor exportador de Uruguay y el mayor exportador l\u00e1cteo de Latinoam\u00e9rica. Es padre de tres hijos. <br \/><a href=\"https:\/\/www.youtube.com\/watch?v=AV_x2pGmnhc&amp;list=PL1Xfc7xFYYc5MTS9UTuSdcxfC_swSIso-&amp;index=3\">VER EL V\u00cdDEO AQU\u00cd<\/a>. <br \/><\/p>\n\n\n<p><strong><em>Expositor internacional: <\/em><\/strong><br \/><\/p>\n\n\n<p><strong>Claudio Soumoulou<\/strong><br \/>Presidente de la Asociaci\u00f3n de Cooperativas Argentinas (ACA), una cooperativa de segundo grado que nuclea a 147 cooperativas agropecuarias y a 50.000 productores, teniendo presencia en m\u00e1s de 600 localidades en todo el pa\u00eds. Su principal actividad es la comercializaci\u00f3n de granos. <br \/>Soumoulou es productor agropecuario y t\u00e9cnico Superior en Gesti\u00f3n de Agronegocios.<br \/><a href=\"https:\/\/www.youtube.com\/watch?v=lOjqDEO22lU&amp;list=PL1Xfc7xFYYc5MTS9UTuSdcxfC_swSIso-&amp;index=4\">VER EL V\u00cdDEO AQU\u00cd<\/a>. <br \/><\/p>\n\n\n<p><strong><em>Discurso de cierre: <\/em><\/strong><br \/><\/p>\n\n\n<p><strong>Virginia San Mart\u00edn<\/strong> <br \/>Productora agropecuaria e ingeniera agr\u00f3noma. Presidenta de Cooperativas Agrarias Federadas. <br \/><a href=\"https:\/\/www.youtube.com\/watch?v=jUeWnDIhy2c&amp;list=PL1Xfc7xFYYc5MTS9UTuSdcxfC_swSIso-&amp;index=5\">VER EL V\u00cdDEO AQU\u00cd<\/a>. <\/p>\n","protected":false},"excerpt":{"rendered":"<p>Vea aqu\u00ed los videos de todas las exposiciones que se realizaron el pasado 9 de abril, en el marco del evento de celebraci\u00f3n del 35\u00b0 aniversario de CAF. Compartimos los &hellip; <a class=\"readmore\" href=\"https:\/\/caf.org.uy\/caf\/la-voz-de-los-protagonistas\/\">Seguir leyendo &rarr;<\/a><\/p>\n","protected":false},"author":1,"featured_media":5845,"comment_status":"open","ping_status":"closed","sticky":false,"template":"","format":"standard","meta":{"csbAdvScrollBarCursor":"","footnotes":""},"categories":[22,42],"tags":[],"class_list":["post-5844","post","type-post","status-publish","format-standard","has-post-thumbnail","hentry","category-cooperativismo","category-portada"],"_links":{"self":[{"href":"https:\/\/caf.org.uy\/caf\/wp-json\/wp\/v2\/posts\/5844","targetHints":{"allow":["GET"]}}],"collection":[{"href":"https:\/\/caf.org.uy\/caf\/wp-json\/wp\/v2\/posts"}],"about":[{"href":"https:\/\/caf.org.uy\/caf\/wp-json\/wp\/v2\/types\/post"}],"author":[{"embeddable":true,"href":"https:\/\/caf.org.uy\/caf\/wp-json\/wp\/v2\/users\/1"}],"replies":[{"embeddable":true,"href":"https:\/\/caf.org.uy\/caf\/wp-json\/wp\/v2\/comments?post=5844"}],"version-history":[{"count":0,"href":"https:\/\/caf.org.uy\/caf\/wp-json\/wp\/v2\/posts\/5844\/revisions"}],"wp:featuredmedia":[{"embeddable":true,"href":"https:\/\/caf.org.uy\/caf\/wp-json\/wp\/v2\/media\/5845"}],"wp:attachment":[{"href":"https:\/\/caf.org.uy\/caf\/wp-json\/wp\/v2\/media?parent=5844"}],"wp:term":[{"taxonomy":"category","embeddable":true,"href":"https:\/\/caf.org.uy\/caf\/wp-json\/wp\/v2\/categories?post=5844"},{"taxonomy":"post_tag","embeddable":true,"href":"https:\/\/caf.org.uy\/caf\/wp-json\/wp\/v2\/tags?post=5844"}],"curies":[{"name":"wp","href":"https:\/\/api.w.org\/{rel}","templated":true}]}}