{"id":5750,"date":"2019-04-12T18:09:54","date_gmt":"2019-04-12T18:09:54","guid":{"rendered":"https:\/\/caf.org.uy\/caf\/?p=5750"},"modified":"2019-05-03T17:44:23","modified_gmt":"2019-05-03T17:44:23","slug":"concurso-de-fotos-35-anos-de-caf","status":"publish","type":"post","link":"https:\/\/caf.org.uy\/caf\/concurso-de-fotos-35-anos-de-caf\/","title":{"rendered":"Concurso de fotos \u00abYo amo mi trabajo en el campo\u00bb"},"content":{"rendered":"\n<p>En el marco de nuestro 35\u00b0 aniversario, Cooperativas Agrarias Federadas invita a todos los integrantes de su Red de cooperativas socias a participar del concurso de fotos \u201cYo amo mi trabajo en el campo\u201d. El plazo para participar vence el 15 de junio. <br><\/p>\n\n\n\n<p>Transmitir en una imagen \u201clo mejor\u201d del trabajo que realizan los productores rurales y las cooperativas agrarias, es el desaf\u00edo que Cooperativas Agrarias Federadas propone a trav\u00e9s de la 2\u00b0 edici\u00f3n del concurso de im\u00e1genes \u201cYo amo mi trabajo en el campo\u201d. Las fotos deber\u00e1n est\u00e1n enmarcadas en la tem\u00e1tica: Trabajo digno en las Cooperativas Agrarias (consigna que este a\u00f1o tendr\u00e1 el D\u00eda Internacional de las Cooperativas, que se celebra el s\u00e1bado 6 de julio). <\/p>\n\n\n\n<p>Pueden  participar todas las personas vinculadas a las cooperativas agrarias (cooperativistas y sus familiares directos, funcionarios y t\u00e9cnicos). Hasta el s\u00e1bado 15 de junio se recepcionan las im\u00e1genes a trav\u00e9s del correo<strong> <\/strong>electr\u00f3nico:<strong> concursofotoscaf@gmail.com<\/strong>. En el cuerpo del mail se deben incluir los siguientes datos: Nombres y apellidos, C\u00e9dula de identidad, T\u00edtulo de la fotograf\u00eda, N\u00famero de tel\u00e9fono de contacto personal y Cooperativa agraria a la que est\u00e1 vinculado\/a.<\/p>\n\n\n\n<p>Se podr\u00e1n mandar hasta tres im\u00e1genes por persona en formato jpg o png (ver las bases del concurso en adjunto). <\/p>\n\n\n\n<p><strong>Sobre el jurado y los premios<\/strong><br> <\/p>\n\n\n\n<p>El Jurado estar\u00e1 conformado por 3 miembros: <strong>Patricia C\u00e9spedes<\/strong> (Impulsora del trabajo en Conciencia Agropecuaria en CAF), <strong>Florencia Gesto<\/strong> (Responsable del \u00e1rea de Comunicaci\u00f3n de CUDECOOP) y <strong>Alejandro Horack<\/strong> (Especialista en imagen corporativa y comunicaci\u00f3n institucional del INIA). <br> <\/p>\n\n\n\n<p>El jurado seleccionar\u00e1 la imagen que ser\u00e1 reconocida con el primer premio y pre seleccionar\u00e1 otras cinco im\u00e1genes, entre las que los seguidores de las redes sociales de CAF definir\u00e1n a cu\u00e1l se le otorga la menci\u00f3n especial. <br> <\/p>\n\n\n\n<p>El primer premio ser\u00e1 un fin de semana para dos personas en la posada El Fort\u00edn de Santa Rosa (Atl\u00e1ntida, Canelones) y el segundo premio ser\u00e1 una tablet. Adem\u00e1s se entregar\u00e1n diplomas de reconocimiento.<br> <\/p>\n\n\n\n<div class=\"wp-block-file\"><a href=\"https:\/\/caf.org.uy\/caf\/wp-content\/uploads\/2019\/04\/Bases-concurso-fotos-CAF-2019.pdf\"><br>Bases concurso fotos CAF 2019<\/a><a href=\"https:\/\/caf.org.uy\/caf\/wp-content\/uploads\/2019\/04\/Bases-concurso-fotos-CAF-2019.pdf\" class=\"wp-block-file__button\" download>Descargar<\/a><\/div>\n","protected":false},"excerpt":{"rendered":"<p>En el marco de nuestro 35\u00b0 aniversario, Cooperativas Agrarias Federadas invita a todos los integrantes de su Red de cooperativas socias a participar del concurso de fotos \u201cYo amo mi &hellip; <a class=\"readmore\" href=\"https:\/\/caf.org.uy\/caf\/concurso-de-fotos-35-anos-de-caf\/\">Seguir leyendo &rarr;<\/a><\/p>\n","protected":false},"author":5,"featured_media":5752,"comment_status":"open","ping_status":"closed","sticky":false,"template":"","format":"standard","meta":{"csbAdvScrollBarCursor":"","footnotes":""},"categories":[22,2,42],"tags":[],"class_list":["post-5750","post","type-post","status-publish","format-standard","has-post-thumbnail","hentry","category-cooperativismo","category-noticias","category-portada"],"_links":{"self":[{"href":"https:\/\/caf.org.uy\/caf\/wp-json\/wp\/v2\/posts\/5750","targetHints":{"allow":["GET"]}}],"collection":[{"href":"https:\/\/caf.org.uy\/caf\/wp-json\/wp\/v2\/posts"}],"about":[{"href":"https:\/\/caf.org.uy\/caf\/wp-json\/wp\/v2\/types\/post"}],"author":[{"embeddable":true,"href":"https:\/\/caf.org.uy\/caf\/wp-json\/wp\/v2\/users\/5"}],"replies":[{"embeddable":true,"href":"https:\/\/caf.org.uy\/caf\/wp-json\/wp\/v2\/comments?post=5750"}],"version-history":[{"count":5,"href":"https:\/\/caf.org.uy\/caf\/wp-json\/wp\/v2\/posts\/5750\/revisions"}],"predecessor-version":[{"id":5770,"href":"https:\/\/caf.org.uy\/caf\/wp-json\/wp\/v2\/posts\/5750\/revisions\/5770"}],"wp:featuredmedia":[{"embeddable":true,"href":"https:\/\/caf.org.uy\/caf\/wp-json\/wp\/v2\/media\/5752"}],"wp:attachment":[{"href":"https:\/\/caf.org.uy\/caf\/wp-json\/wp\/v2\/media?parent=5750"}],"wp:term":[{"taxonomy":"category","embeddable":true,"href":"https:\/\/caf.org.uy\/caf\/wp-json\/wp\/v2\/categories?post=5750"},{"taxonomy":"post_tag","embeddable":true,"href":"https:\/\/caf.org.uy\/caf\/wp-json\/wp\/v2\/tags?post=5750"}],"curies":[{"name":"wp","href":"https:\/\/api.w.org\/{rel}","templated":true}]}}