{"id":5739,"date":"2019-04-12T17:59:14","date_gmt":"2019-04-12T17:59:14","guid":{"rendered":"https:\/\/caf.org.uy\/caf\/?p=5739"},"modified":"2019-04-12T18:01:16","modified_gmt":"2019-04-12T18:01:16","slug":"caf-celebro-su-35-aniversario","status":"publish","type":"post","link":"https:\/\/caf.org.uy\/caf\/caf-celebro-su-35-aniversario\/","title":{"rendered":"Juntos, en CAF celebramos nuestro 35\u00b0 aniversario"},"content":{"rendered":"\n<p>El martes 9 de abril, en Cooperativas Agrarias Federadas celebramos nuestro 35\u00b0 aniversario con una jornada de intercambio, aprendizaje y testimonios inspiradores. Junto a las cooperativas socias y la compa\u00f1\u00eda de autoridades e instituciones agropecuarias y cooperativas, repasamos la historia y vislumbramos el futuro.<br> <\/p>\n\n\n\n<p>Hace 35 a\u00f1os, nac\u00eda CAF como respuesta a la necesidad de contar con una \u00fanica expresi\u00f3n gremial que defendiera los intereses, promoviera el desarrollo y representara al cooperativismo agrario a nivel nacional e internacional. Treinta y cinco a\u00f1os despu\u00e9s, seguimos trabajando en conjunto con nuestras socias para construir el futuro. <br> <\/p>\n\n\n\n<p><strong>Una ma\u00f1ana de intercambio con las socias<\/strong><br> <\/p>\n\n\n\n<p>En la ma\u00f1ana del 9 de abril, el Comit\u00e9 Ejecutivo de CAF present\u00f3 a las cooperativas socias los avances en varios temas estrat\u00e9gicos para la gremial. La planificaci\u00f3n estrat\u00e9gica del trabajo con los delegados institucionales de CAF y el proceso de elaboraci\u00f3n de las Propuestas Program\u00e1ticas de nuestra organizaci\u00f3n, un documento que aportar\u00e1 la visi\u00f3n del sistema cooperativo agrario de cara al pr\u00f3ximo quinquenio, fueron dos de los temas abordados. <br> <\/p>\n\n\n\n<div class=\"wp-block-image\"><figure class=\"aligncenter is-resized\"><img fetchpriority=\"high\" decoding=\"async\" src=\"https:\/\/caf.org.uy\/caf\/wp-content\/uploads\/2019\/04\/dde72576-4a70-4951-8bd1-19c424dda6f5-640x480.jpg\" alt=\"\" class=\"wp-image-5741\" width=\"307\" height=\"230\" srcset=\"https:\/\/caf.org.uy\/caf\/wp-content\/uploads\/2019\/04\/dde72576-4a70-4951-8bd1-19c424dda6f5-640x480.jpg 640w, https:\/\/caf.org.uy\/caf\/wp-content\/uploads\/2019\/04\/dde72576-4a70-4951-8bd1-19c424dda6f5-413x310.jpg 413w, https:\/\/caf.org.uy\/caf\/wp-content\/uploads\/2019\/04\/dde72576-4a70-4951-8bd1-19c424dda6f5-768x576.jpg 768w, https:\/\/caf.org.uy\/caf\/wp-content\/uploads\/2019\/04\/dde72576-4a70-4951-8bd1-19c424dda6f5-1000x750.jpg 1000w, https:\/\/caf.org.uy\/caf\/wp-content\/uploads\/2019\/04\/dde72576-4a70-4951-8bd1-19c424dda6f5.jpg 1600w\" sizes=\"(max-width: 307px) 100vw, 307px\" \/><\/figure><\/div>\n\n\n\n<p>Tambi\u00e9n se lanz\u00f3 la segunda edici\u00f3n del concurso de im\u00e1genes de CAF titulado \u201cYo amo mi trabajo en el campo\u201d, el que est\u00e1 destinado a todas las personas vinculadas a las cooperativas agrarias (cooperativistas y sus familiares directos, funcionarios y t\u00e9cnicos). <br> <\/p>\n\n\n\n<p><strong>Uniendo fronteras<\/strong><br> <\/p>\n\n\n\n<p>Nuestro aniversario tambi\u00e9n cont\u00f3 con la visita de Claudio Soumoulou, presidente de la <a href=\"http:\/\/www.acacoop.com.ar\/\">Asociaci\u00f3n de Cooperativas Argentinas<\/a>, organizaci\u00f3n que est\u00e1 integrada por 147 cooperativas socias, nuclea a 50.000 productores y tiene presencia en m\u00e1s de 600 localidades de Argentina. <br><\/p>\n\n\n\n<p>En la ocasi\u00f3n, ACA y CAF firmaron un acuerdo marco que posibilitar\u00e1 que ambas organizaciones trabajen juntas en temas estrat\u00e9gicos para las cooperativas agrarias de Uruguay y Argentina.<br> <\/p>\n\n\n\n<div class=\"wp-block-image\"><figure class=\"aligncenter is-resized\"><img decoding=\"async\" src=\"https:\/\/caf.org.uy\/caf\/wp-content\/uploads\/2019\/04\/IMG_3858-650x433.jpg\" alt=\"\" class=\"wp-image-5742\" width=\"358\" height=\"238\" srcset=\"https:\/\/caf.org.uy\/caf\/wp-content\/uploads\/2019\/04\/IMG_3858-650x433.jpg 650w, https:\/\/caf.org.uy\/caf\/wp-content\/uploads\/2019\/04\/IMG_3858-420x280.jpg 420w, https:\/\/caf.org.uy\/caf\/wp-content\/uploads\/2019\/04\/IMG_3858-768x512.jpg 768w, https:\/\/caf.org.uy\/caf\/wp-content\/uploads\/2019\/04\/IMG_3858-1000x667.jpg 1000w\" sizes=\"(max-width: 358px) 100vw, 358px\" \/><\/figure><\/div>\n\n\n\n<p><strong>Marca cooperativa<\/strong><br> <\/p>\n\n\n\n<p>En la segunda parte de la jornada, que cont\u00f3 con la participaci\u00f3n de las autoridades invitadas y con la conducci\u00f3n de Sergio Helbling, tres cooperativistas agrarios vinculados a CAF nos compartieron sus experiencias de vida y trabajo en el sector, resaltando la importancia que la cooperativa tuvo en su desarrollo. <br> <\/p>\n\n\n\n<p>Uno de los expositores fue Alejandro Solsona, productor agropecuario y vicepresidente de <a href=\"http:\/\/www.copagran.com.uy\/\">Copagran<\/a>. \u00abEl \u00e1mbito cooperativo es de los m\u00e1s adecuados para la formaci\u00f3n del car\u00e1cter solidario, innovador y emprendedor del individuo, y depende de nosotros involucrarnos para hacerlo mejor cada d\u00eda\u00bb, dijo. <br><\/p>\n\n\n\n<p>Lo sigui\u00f3 Mariela Mart\u00ednez, productora y socia de la cooperativa <a href=\"http:\/\/www.elfogoncal.com.uy\/fogon\/\">El Fog\u00f3n<\/a>.\u00bbCuando surgieron dificultades, tuve que mirar hacia afuera de mi casa y como la cooperativa es su gente, fue en esa gente que me apoy\u00e9. Lo hice por convencimiento de que son gente honesta, solidaria y generosa\u00bb, enfatiz\u00f3. <br><\/p>\n\n\n\n<p>Por su parte, Alvaro Ambrois, presidente de <a href=\"https:\/\/www.conaprole.com.uy\/\">Conaprole<\/a>, se\u00f1al\u00f3: \u00abMe he enriquecido much\u00edsimo del sistema cooperativista y estoy convencido de que es la herramienta para el desarrollo de los productores. Trabajamos para ellos, buscando la mejora de la competitividad para insertarnos en el mundo\u00bb. <br><\/p>\n\n\n\n<p>El \u00faltimo cooperativista expositor fue Claudio Soumoulou, presidente de la Asociaci\u00f3n de Cooperativas Argentinas, quien dijo: \u00abSi tenemos la capacidad de sabernos escuchar y de entender lo que nos pasa, tendremos movimiento cooperativo para muchos a\u00f1os m\u00e1s\u00bb.<br><\/p>\n\n\n\n<p><strong>Discurso de cierre<\/strong><br><\/p>\n\n\n\n<p>En el discurso de cierre de la actividad, Virginia San Mart\u00edn, presidente de CAF, remarc\u00f3 la importancia de las cooperativas como instrumento para viabilizar el crecimiento de los productores rurales y el diferencial de CAF como gremial. \u00abCAF ha sido y es una gremial de di\u00e1logo y de propuesta como se lo plantearon sus fundadores\u00bb, dijo. <br> <\/p>\n\n\n\n<p>\u201cBrindo porque las cooperativas son una herramienta que permite a todos los productores, y especialmente a los de menor escala, insertarse en las cadenas globales de valor, avanzar en ellas y comercializar productos diferenciados\u00bb, remarc\u00f3.<br><\/p>\n\n\n\n<div class=\"wp-block-image\"><figure class=\"aligncenter is-resized\"><img decoding=\"async\" src=\"https:\/\/caf.org.uy\/caf\/wp-content\/uploads\/2019\/04\/IMG_4194-650x433.jpg\" alt=\"\" class=\"wp-image-5743\" width=\"332\" height=\"221\" srcset=\"https:\/\/caf.org.uy\/caf\/wp-content\/uploads\/2019\/04\/IMG_4194-650x433.jpg 650w, https:\/\/caf.org.uy\/caf\/wp-content\/uploads\/2019\/04\/IMG_4194-420x280.jpg 420w, https:\/\/caf.org.uy\/caf\/wp-content\/uploads\/2019\/04\/IMG_4194-768x512.jpg 768w, https:\/\/caf.org.uy\/caf\/wp-content\/uploads\/2019\/04\/IMG_4194-1000x667.jpg 1000w\" sizes=\"(max-width: 332px) 100vw, 332px\" \/><\/figure><\/div>\n\n\n\n<p><a href=\"https:\/\/caf.org.uy\/caf\/?p=5722\">Se puede acceder aqu\u00ed al discurso completo<\/a>. <\/p>\n","protected":false},"excerpt":{"rendered":"<p>El martes 9 de abril, en Cooperativas Agrarias Federadas celebramos nuestro 35\u00b0 aniversario con una jornada de intercambio, aprendizaje y testimonios inspiradores. Junto a las cooperativas socias y la compa\u00f1\u00eda &hellip; <a class=\"readmore\" href=\"https:\/\/caf.org.uy\/caf\/caf-celebro-su-35-aniversario\/\">Seguir leyendo &rarr;<\/a><\/p>\n","protected":false},"author":5,"featured_media":5740,"comment_status":"open","ping_status":"closed","sticky":false,"template":"","format":"standard","meta":{"csbAdvScrollBarCursor":"","footnotes":""},"categories":[22,2,42],"tags":[],"class_list":["post-5739","post","type-post","status-publish","format-standard","has-post-thumbnail","hentry","category-cooperativismo","category-noticias","category-portada"],"_links":{"self":[{"href":"https:\/\/caf.org.uy\/caf\/wp-json\/wp\/v2\/posts\/5739","targetHints":{"allow":["GET"]}}],"collection":[{"href":"https:\/\/caf.org.uy\/caf\/wp-json\/wp\/v2\/posts"}],"about":[{"href":"https:\/\/caf.org.uy\/caf\/wp-json\/wp\/v2\/types\/post"}],"author":[{"embeddable":true,"href":"https:\/\/caf.org.uy\/caf\/wp-json\/wp\/v2\/users\/5"}],"replies":[{"embeddable":true,"href":"https:\/\/caf.org.uy\/caf\/wp-json\/wp\/v2\/comments?post=5739"}],"version-history":[{"count":5,"href":"https:\/\/caf.org.uy\/caf\/wp-json\/wp\/v2\/posts\/5739\/revisions"}],"predecessor-version":[{"id":5748,"href":"https:\/\/caf.org.uy\/caf\/wp-json\/wp\/v2\/posts\/5739\/revisions\/5748"}],"wp:featuredmedia":[{"embeddable":true,"href":"https:\/\/caf.org.uy\/caf\/wp-json\/wp\/v2\/media\/5740"}],"wp:attachment":[{"href":"https:\/\/caf.org.uy\/caf\/wp-json\/wp\/v2\/media?parent=5739"}],"wp:term":[{"taxonomy":"category","embeddable":true,"href":"https:\/\/caf.org.uy\/caf\/wp-json\/wp\/v2\/categories?post=5739"},{"taxonomy":"post_tag","embeddable":true,"href":"https:\/\/caf.org.uy\/caf\/wp-json\/wp\/v2\/tags?post=5739"}],"curies":[{"name":"wp","href":"https:\/\/api.w.org\/{rel}","templated":true}]}}