{"id":5656,"date":"2019-02-15T12:40:33","date_gmt":"2019-02-15T12:40:33","guid":{"rendered":"http:\/\/www.caf.org.uy\/site\/?p=5656"},"modified":"2019-02-15T12:40:33","modified_gmt":"2019-02-15T12:40:33","slug":"carta-de-las-gremiales-al-presidente","status":"publish","type":"post","link":"https:\/\/caf.org.uy\/caf\/carta-de-las-gremiales-al-presidente\/","title":{"rendered":"Carta de las gremiales al presidente de la Rep\u00fablica"},"content":{"rendered":"<p>Difundimos la carta enviada este jueves 14 de febrero por parte de las gremiales agropecuarias (ACA, ARU, ANPL, CAF y FR) al Presidente de la Rep\u00fablica, Dr. Tabar\u00e9 V\u00e1zquez.<br \/>\nDesde CAF reforzamos el compromiso a seguir trabajando con todos los actores de la sociedad para generar Conciencia Agropecuaria.<br \/>\nEl pa\u00eds nos precisa unidos y el campo tiene mucho para aportar.<br \/>\n<a href=\"http:\/\/www.caf.org.uy\/site\/wp-content\/uploads\/2019\/02\/Puede-leer-la-carta-aqu\u00ed.pdf\">Puede leer la carta aqu\u00ed<\/a>.<br \/>\n<img fetchpriority=\"high\" decoding=\"async\" class=\"aligncenter size-large wp-image-5657\" src=\"http:\/\/www.caf.org.uy\/site\/wp-content\/uploads\/2019\/02\/Imagengremiales-331x480.jpg\" alt=\"\" width=\"331\" height=\"480\" srcset=\"https:\/\/caf.org.uy\/caf\/wp-content\/uploads\/2019\/02\/Imagengremiales-331x480.jpg 331w, https:\/\/caf.org.uy\/caf\/wp-content\/uploads\/2019\/02\/Imagengremiales-214x310.jpg 214w, https:\/\/caf.org.uy\/caf\/wp-content\/uploads\/2019\/02\/Imagengremiales.jpg 704w\" sizes=\"(max-width: 331px) 100vw, 331px\" \/><br \/>\n&nbsp;<\/p>\n","protected":false},"excerpt":{"rendered":"<p>Difundimos la carta enviada este jueves 14 de febrero por parte de las gremiales agropecuarias (ACA, ARU, ANPL, CAF y FR) al Presidente de la Rep\u00fablica, Dr. Tabar\u00e9 V\u00e1zquez. Desde &hellip; <a class=\"readmore\" href=\"https:\/\/caf.org.uy\/caf\/carta-de-las-gremiales-al-presidente\/\">Seguir leyendo &rarr;<\/a><\/p>\n","protected":false},"author":1,"featured_media":5657,"comment_status":"open","ping_status":"closed","sticky":false,"template":"","format":"standard","meta":{"csbAdvScrollBarCursor":"","footnotes":""},"categories":[20,2,42],"tags":[],"class_list":["post-5656","post","type-post","status-publish","format-standard","has-post-thumbnail","hentry","category-institucional-gremial","category-noticias","category-portada"],"_links":{"self":[{"href":"https:\/\/caf.org.uy\/caf\/wp-json\/wp\/v2\/posts\/5656","targetHints":{"allow":["GET"]}}],"collection":[{"href":"https:\/\/caf.org.uy\/caf\/wp-json\/wp\/v2\/posts"}],"about":[{"href":"https:\/\/caf.org.uy\/caf\/wp-json\/wp\/v2\/types\/post"}],"author":[{"embeddable":true,"href":"https:\/\/caf.org.uy\/caf\/wp-json\/wp\/v2\/users\/1"}],"replies":[{"embeddable":true,"href":"https:\/\/caf.org.uy\/caf\/wp-json\/wp\/v2\/comments?post=5656"}],"version-history":[{"count":0,"href":"https:\/\/caf.org.uy\/caf\/wp-json\/wp\/v2\/posts\/5656\/revisions"}],"wp:featuredmedia":[{"embeddable":true,"href":"https:\/\/caf.org.uy\/caf\/wp-json\/wp\/v2\/media\/5657"}],"wp:attachment":[{"href":"https:\/\/caf.org.uy\/caf\/wp-json\/wp\/v2\/media?parent=5656"}],"wp:term":[{"taxonomy":"category","embeddable":true,"href":"https:\/\/caf.org.uy\/caf\/wp-json\/wp\/v2\/categories?post=5656"},{"taxonomy":"post_tag","embeddable":true,"href":"https:\/\/caf.org.uy\/caf\/wp-json\/wp\/v2\/tags?post=5656"}],"curies":[{"name":"wp","href":"https:\/\/api.w.org\/{rel}","templated":true}]}}