{"id":5622,"date":"2019-01-16T17:14:33","date_gmt":"2019-01-16T17:14:33","guid":{"rendered":"http:\/\/www.caf.org.uy\/site\/?p=5622"},"modified":"2019-01-16T17:14:33","modified_gmt":"2019-01-16T17:14:33","slug":"comunicado-de-apoyo-a-asamblea-del-23-1","status":"publish","type":"post","link":"https:\/\/caf.org.uy\/caf\/comunicado-de-apoyo-a-asamblea-del-23-1\/","title":{"rendered":"Comunicado de apoyo a Asamblea del 23\/1"},"content":{"rendered":"<p>El 16 de enero de 2019, las gremiales agropecuarias (ACA, ANPL, ARU, CAF y FR) enviaron un comunicado a la opini\u00f3n p\u00fablica a prop\u00f3sito de la Asamblea convocada por el movimiento Un Solo Uruguay para el 23 de enero del presente a\u00f1o.<br \/>\nPuede leerlo aqu\u00ed:\u00a0<a href=\"http:\/\/www.caf.org.uy\/site\/wp-content\/uploads\/2019\/01\/Comunicado-Enero-2019-Campo-Unido-1.pdf\">Comunicado Enero 2019 Campo Unido (1)<\/a>:<br \/>\n<img fetchpriority=\"high\" decoding=\"async\" class=\"aligncenter size-large wp-image-5623\" src=\"http:\/\/www.caf.org.uy\/site\/wp-content\/uploads\/2019\/01\/para-TW-comunicado16.1-454x480.jpg\" alt=\"\" width=\"454\" height=\"480\" srcset=\"https:\/\/caf.org.uy\/caf\/wp-content\/uploads\/2019\/01\/para-TW-comunicado16.1-454x480.jpg 454w, https:\/\/caf.org.uy\/caf\/wp-content\/uploads\/2019\/01\/para-TW-comunicado16.1-293x310.jpg 293w, https:\/\/caf.org.uy\/caf\/wp-content\/uploads\/2019\/01\/para-TW-comunicado16.1.jpg 720w\" sizes=\"(max-width: 454px) 100vw, 454px\" \/><\/p>\n","protected":false},"excerpt":{"rendered":"<p>El 16 de enero de 2019, las gremiales agropecuarias (ACA, ANPL, ARU, CAF y FR) enviaron un comunicado a la opini\u00f3n p\u00fablica a prop\u00f3sito de la Asamblea convocada por el &hellip; <a class=\"readmore\" href=\"https:\/\/caf.org.uy\/caf\/comunicado-de-apoyo-a-asamblea-del-23-1\/\">Seguir leyendo &rarr;<\/a><\/p>\n","protected":false},"author":1,"featured_media":5623,"comment_status":"open","ping_status":"closed","sticky":false,"template":"","format":"standard","meta":{"csbAdvScrollBarCursor":"","footnotes":""},"categories":[20,2,42],"tags":[],"class_list":["post-5622","post","type-post","status-publish","format-standard","has-post-thumbnail","hentry","category-institucional-gremial","category-noticias","category-portada"],"_links":{"self":[{"href":"https:\/\/caf.org.uy\/caf\/wp-json\/wp\/v2\/posts\/5622","targetHints":{"allow":["GET"]}}],"collection":[{"href":"https:\/\/caf.org.uy\/caf\/wp-json\/wp\/v2\/posts"}],"about":[{"href":"https:\/\/caf.org.uy\/caf\/wp-json\/wp\/v2\/types\/post"}],"author":[{"embeddable":true,"href":"https:\/\/caf.org.uy\/caf\/wp-json\/wp\/v2\/users\/1"}],"replies":[{"embeddable":true,"href":"https:\/\/caf.org.uy\/caf\/wp-json\/wp\/v2\/comments?post=5622"}],"version-history":[{"count":0,"href":"https:\/\/caf.org.uy\/caf\/wp-json\/wp\/v2\/posts\/5622\/revisions"}],"wp:featuredmedia":[{"embeddable":true,"href":"https:\/\/caf.org.uy\/caf\/wp-json\/wp\/v2\/media\/5623"}],"wp:attachment":[{"href":"https:\/\/caf.org.uy\/caf\/wp-json\/wp\/v2\/media?parent=5622"}],"wp:term":[{"taxonomy":"category","embeddable":true,"href":"https:\/\/caf.org.uy\/caf\/wp-json\/wp\/v2\/categories?post=5622"},{"taxonomy":"post_tag","embeddable":true,"href":"https:\/\/caf.org.uy\/caf\/wp-json\/wp\/v2\/tags?post=5622"}],"curies":[{"name":"wp","href":"https:\/\/api.w.org\/{rel}","templated":true}]}}