{"id":5601,"date":"2018-12-14T17:12:55","date_gmt":"2018-12-14T17:12:55","guid":{"rendered":"http:\/\/www.caf.org.uy\/site\/?p=5601"},"modified":"2018-12-14T17:12:55","modified_gmt":"2018-12-14T17:12:55","slug":"caf-y-la-fao-trabajaran-juntas-en-manejo-sostenible-de-tierras","status":"publish","type":"post","link":"https:\/\/caf.org.uy\/caf\/caf-y-la-fao-trabajaran-juntas-en-manejo-sostenible-de-tierras\/","title":{"rendered":"CAF y la FAO trabajar\u00e1n juntas en manejo sostenible de tierras"},"content":{"rendered":"<p>El 10 de diciembre, la Organizaci\u00f3n de las Naciones Unidas para la Alimentaci\u00f3n y la Agricultura (FAO) y Cooperativas Agrarias Federadas (CAF) presentaron un acuerdo de trabajo conjunto para generar un protocolo que permita evaluar la degradaci\u00f3n de pastizales en Uruguay y tomar decisiones que promuevan el manejo sostenible de este recurso clave.<br \/>\nEl trabajo se enmarca en un proyecto global impulsado por la FAO y la Uni\u00f3n Internacional para la Conservaci\u00f3n de la Naturaleza (UICN) que se desarrolla en las zonas de pastoreo con praderas y pastizales. Adem\u00e1s de Uruguay, participan Kenia, Burkina Faso, N\u00edger y Kirguist\u00e1n.<br \/>\nEste acuerdo establece que CAF trabaje en el desarrollo de un sistema de evaluaci\u00f3n y seguimiento participativo de la degradaci\u00f3n de las tierras en las zonas de pastoreo, apostando a la generaci\u00f3n de indicadores que sean comparables a nivel internacional.<br \/>\nFernando Garc\u00eda, el Director General de Recursos Naturales del Ministerio de Ganader\u00eda Agricultura y Pesca (MGAP), record\u00f3 en el acto realizado el lunes con motivo de este acuerdo, que fue CAF la organizaci\u00f3n que se\u00f1al\u00f3 al gobierno la necesidad de establecer una pol\u00edtica de conservaci\u00f3n de suelo.<br \/>\nEste convenio es \u00abmuy importante\u00bb para la FAO, dijo por su parte el Oficial a Cargo de la Representaci\u00f3n de esa agencia especializada de Naciones Unidas en Uruguay, Vicente Plata. \u00abTeniendo que ser un trabajo de evaluaci\u00f3n participativa de los pastizales, este proyecto requiere de la rigurosidad t\u00e9cnica que nos asegura la Academia, a trav\u00e9s de la Facultad de Agronom\u00eda, pero tambi\u00e9n requiere asegurarnos de la real participaci\u00f3n en todo el proceso de los productores, de los usuarios del pastizal, y eso est\u00e1 garantizado por CAF, por la Asociaci\u00f3n Uruguaya de Ganaderos del Pastizal y por la Comisi\u00f3n Nacional de Fomento Rural\u00bb.<br \/>\nEn Uruguay, el proyecto se desarrollar\u00e1 en dos lugares: en la cuenca bas\u00e1ltica (departamentos de Rivera, Tacuaremb\u00f3 y Salto), y en la zona de sierras y lomadas del este (departamentos de Lavalleja, Maldonado y Rocha).<br \/>\n<strong>De lo interinstitucional a lo internacional<\/strong><br \/>\nLa presidenta de CAF, Virginia San Mart\u00edn, destac\u00f3 el \u00abcar\u00e1cter interinstitucional de este proyecto\u00bb, cuyo el equipo t\u00e9cnico ser\u00e1 liderado por CAF para desarrollar el sistema de evaluaci\u00f3n, en asociaci\u00f3n con la Comisi\u00f3n Nacional de Fomento Rural (CNFR), la Asociaci\u00f3n Uruguaya de Ganaderos a Pasto (AUGAP) y la Alianza del Pastizal.<br \/>\nLas contrapartes nacionales involucradas son el MGAP y el MVOTMA, las que act\u00faan en conjunto con la FAO.<br \/>\nAdem\u00e1s, estas organizaciones contar\u00e1n con el aporte de la Facultad de Agronom\u00eda de la Universidad de la Rep\u00fablica y el Instituto Interamericano de Cooperaci\u00f3n para la Agricultura (IICA).<br \/>\nAdem\u00e1s, San Mart\u00edn destac\u00f3 respecto a la CAF y sus asociados: \u00abnuestra fortaleza est\u00e1 en salir a trabajar en el territorio, est\u00e1 en nuestros productores y en nuestras cooperativas, son las que le dan valor agregado y la legitimidad a este proyecto\u00bb.<br \/>\n&nbsp;<br \/>\n<img fetchpriority=\"high\" decoding=\"async\" class=\"aligncenter size-large wp-image-5617\" src=\"http:\/\/www.caf.org.uy\/site\/wp-content\/uploads\/2018\/12\/DSC_0081-1-650x434.jpg\" alt=\"\" width=\"650\" height=\"434\" srcset=\"https:\/\/caf.org.uy\/caf\/wp-content\/uploads\/2018\/12\/DSC_0081-1-650x434.jpg 650w, https:\/\/caf.org.uy\/caf\/wp-content\/uploads\/2018\/12\/DSC_0081-1-420x280.jpg 420w, https:\/\/caf.org.uy\/caf\/wp-content\/uploads\/2018\/12\/DSC_0081-1-768x512.jpg 768w, https:\/\/caf.org.uy\/caf\/wp-content\/uploads\/2018\/12\/DSC_0081-1-1000x667.jpg 1000w\" sizes=\"(max-width: 650px) 100vw, 650px\" \/><\/p>\n","protected":false},"excerpt":{"rendered":"<p>El 10 de diciembre, la Organizaci\u00f3n de las Naciones Unidas para la Alimentaci\u00f3n y la Agricultura (FAO) y Cooperativas Agrarias Federadas (CAF) presentaron un acuerdo de trabajo conjunto para generar &hellip; <a class=\"readmore\" href=\"https:\/\/caf.org.uy\/caf\/caf-y-la-fao-trabajaran-juntas-en-manejo-sostenible-de-tierras\/\">Seguir leyendo &rarr;<\/a><\/p>\n","protected":false},"author":1,"featured_media":5602,"comment_status":"open","ping_status":"closed","sticky":false,"template":"","format":"standard","meta":{"csbAdvScrollBarCursor":"","footnotes":""},"categories":[20,2,42],"tags":[],"class_list":["post-5601","post","type-post","status-publish","format-standard","has-post-thumbnail","hentry","category-institucional-gremial","category-noticias","category-portada"],"_links":{"self":[{"href":"https:\/\/caf.org.uy\/caf\/wp-json\/wp\/v2\/posts\/5601","targetHints":{"allow":["GET"]}}],"collection":[{"href":"https:\/\/caf.org.uy\/caf\/wp-json\/wp\/v2\/posts"}],"about":[{"href":"https:\/\/caf.org.uy\/caf\/wp-json\/wp\/v2\/types\/post"}],"author":[{"embeddable":true,"href":"https:\/\/caf.org.uy\/caf\/wp-json\/wp\/v2\/users\/1"}],"replies":[{"embeddable":true,"href":"https:\/\/caf.org.uy\/caf\/wp-json\/wp\/v2\/comments?post=5601"}],"version-history":[{"count":0,"href":"https:\/\/caf.org.uy\/caf\/wp-json\/wp\/v2\/posts\/5601\/revisions"}],"wp:featuredmedia":[{"embeddable":true,"href":"https:\/\/caf.org.uy\/caf\/wp-json\/wp\/v2\/media\/5602"}],"wp:attachment":[{"href":"https:\/\/caf.org.uy\/caf\/wp-json\/wp\/v2\/media?parent=5601"}],"wp:term":[{"taxonomy":"category","embeddable":true,"href":"https:\/\/caf.org.uy\/caf\/wp-json\/wp\/v2\/categories?post=5601"},{"taxonomy":"post_tag","embeddable":true,"href":"https:\/\/caf.org.uy\/caf\/wp-json\/wp\/v2\/tags?post=5601"}],"curies":[{"name":"wp","href":"https:\/\/api.w.org\/{rel}","templated":true}]}}