{"id":5596,"date":"2018-12-05T18:35:24","date_gmt":"2018-12-05T18:35:24","guid":{"rendered":"http:\/\/www.caf.org.uy\/site\/?p=5596"},"modified":"2018-12-05T18:35:24","modified_gmt":"2018-12-05T18:35:24","slug":"una-excelente-noticia-para-el-pais","status":"publish","type":"post","link":"https:\/\/caf.org.uy\/caf\/una-excelente-noticia-para-el-pais\/","title":{"rendered":"\u201cUna excelente noticia para el Pa\u00eds\u201d"},"content":{"rendered":"<p>Esta semana, el presidente Tabar\u00e9 V\u00e1zquez y el primer ministro de Jap\u00f3n, Shinzo Abe, informaron que el pa\u00eds asi\u00e1tico reabrir\u00e1 el mercado para las carnes uruguayas. Jorge Slavica, delegado de CAF en el Instituto Nacional de la Carnes, comparti\u00f3 algunas reflexiones sobre el tema.<br \/>\n\u201cLa reciente apertura del mercado de Jap\u00f3n a las carnes uruguayas es una excelente noticia para el complejo c\u00e1rnico y para el Pa\u00eds. En efecto, la apertura del exigente mercado japon\u00e9s para carnes enfriadas, desosadas y maduradas es un espaldarazo a la institucionalidad p\u00fablico-privado y al sistema sanitario del pa\u00eds\u201d, dijo Slavica.<br \/>\n\u201cTambi\u00e9n demuestra -a la luz del conocimiento cient\u00edfico actual- que un pa\u00eds libre de aftosa con vacunaci\u00f3n, trabajando seria y responsablemente, puede dar garant\u00edas a sus compradores y demostrar que esta barrera paraancelaria deber\u00eda ser cuestionada como tal, al menos en sus exigencias actuales\u201d, explic\u00f3.<br \/>\nNuestro delegado enfatiz\u00f3 en que \u201cesta es una buena noticia pero apenas es el comienzo\u201d. Al respecto, concluy\u00f3: \u201cahora hay que aunar esfuerzos para el desaf\u00edo de un arancel del 38,5%, la distancia al mercado, los competidores que ya est\u00e1n en el terreno y la producci\u00f3n de un producto de calidad. Nada es f\u00e1cil para este peque\u00f1o pa\u00eds, pero tampoco imposible\u201d.<\/p>\n","protected":false},"excerpt":{"rendered":"<p>Esta semana, el presidente Tabar\u00e9 V\u00e1zquez y el primer ministro de Jap\u00f3n, Shinzo Abe, informaron que el pa\u00eds asi\u00e1tico reabrir\u00e1 el mercado para las carnes uruguayas. Jorge Slavica, delegado de &hellip; <a class=\"readmore\" href=\"https:\/\/caf.org.uy\/caf\/una-excelente-noticia-para-el-pais\/\">Seguir leyendo &rarr;<\/a><\/p>\n","protected":false},"author":1,"featured_media":5597,"comment_status":"open","ping_status":"closed","sticky":false,"template":"","format":"standard","meta":{"csbAdvScrollBarCursor":"","footnotes":""},"categories":[20,2,42],"tags":[],"class_list":["post-5596","post","type-post","status-publish","format-standard","has-post-thumbnail","hentry","category-institucional-gremial","category-noticias","category-portada"],"_links":{"self":[{"href":"https:\/\/caf.org.uy\/caf\/wp-json\/wp\/v2\/posts\/5596","targetHints":{"allow":["GET"]}}],"collection":[{"href":"https:\/\/caf.org.uy\/caf\/wp-json\/wp\/v2\/posts"}],"about":[{"href":"https:\/\/caf.org.uy\/caf\/wp-json\/wp\/v2\/types\/post"}],"author":[{"embeddable":true,"href":"https:\/\/caf.org.uy\/caf\/wp-json\/wp\/v2\/users\/1"}],"replies":[{"embeddable":true,"href":"https:\/\/caf.org.uy\/caf\/wp-json\/wp\/v2\/comments?post=5596"}],"version-history":[{"count":0,"href":"https:\/\/caf.org.uy\/caf\/wp-json\/wp\/v2\/posts\/5596\/revisions"}],"wp:featuredmedia":[{"embeddable":true,"href":"https:\/\/caf.org.uy\/caf\/wp-json\/wp\/v2\/media\/5597"}],"wp:attachment":[{"href":"https:\/\/caf.org.uy\/caf\/wp-json\/wp\/v2\/media?parent=5596"}],"wp:term":[{"taxonomy":"category","embeddable":true,"href":"https:\/\/caf.org.uy\/caf\/wp-json\/wp\/v2\/categories?post=5596"},{"taxonomy":"post_tag","embeddable":true,"href":"https:\/\/caf.org.uy\/caf\/wp-json\/wp\/v2\/tags?post=5596"}],"curies":[{"name":"wp","href":"https:\/\/api.w.org\/{rel}","templated":true}]}}