{"id":5574,"date":"2018-11-05T14:58:37","date_gmt":"2018-11-05T14:58:37","guid":{"rendered":"https:\/\/caf.org.uy\/caf\/?p=5574"},"modified":"2018-11-08T15:03:27","modified_gmt":"2018-11-08T15:03:27","slug":"v-cumbre-cooperativa-de-las-americas","status":"publish","type":"post","link":"https:\/\/caf.org.uy\/caf\/v-cumbre-cooperativa-de-las-americas\/","title":{"rendered":"V Cumbre Cooperativa de las Am\u00e9ricas"},"content":{"rendered":"<p>Entre el 23 y el 26 de octubre, tres directivos y el gerente de CAF participaron de la V Cumbre Cooperativa de las Am\u00e9ricas, que se realiz\u00f3 en la ciudad de Buenos Aires.<\/p>\n<p>El evento m\u00e1s importante de cooperativismo a nivel continental tuvo como slogan \u00abEl Cooperativismo en la hora de los desaf\u00edos globales\u00bb, y cont\u00f3 con la participaci\u00f3n de 150 uruguayos. En representaci\u00f3n de Cooperativas Agrarias Federadas, asistieron: Virginia San Mart\u00edn (presidente), Pablo Perdomo (vicepresidente), Juan Carlos Canessa (directivo) y Luis Frachia (gerente).<\/p>\n<p><strong>Espacio de encuentro y de construcci\u00f3n<\/strong><\/p>\n<p>Las Cumbres regionales se realizan desde el a\u00f1o 2009 con el prop\u00f3sito de analizar la realidad, debatir propuestas y construir acuerdos que contribuyan a generar cambios en las organizaciones cooperativas y sus comunidades.<\/p>\n<p>\u201cEstos eventos ayudan a encontrarnos y a construir confianza. Es hora que los cooperativistas levantemos la mira y nos consideremos privilegiados por integrar un movimiento con valores y principios diferenciales y potencialmente transformadores. Destaco la participaci\u00f3n de m\u00e1s de 1500 cooperativistas de todo el mundo en forma presencial, en un mundo en que predomina lo virtual\u201d, dijo al respecto Virginia San Mart\u00edn, presidente de CAF.<\/p>\n<p>El evento, que estuvo focalizado en el compromiso del cooperativismo con el territorio, invit\u00f3 a trabajar sobre tres ejes: cooperativas y defensa del planeta, construcci\u00f3n de un sistema financiero al servicio del desarrollo sostenible y nuevos caminos de la integraci\u00f3n cooperativa.<\/p>\n<p>\u201cLas salidas a los problemas globales solo pueden ser construidas en base a la confianza. El modelo cooperativo empresarial puede contribuir y escalar, teniendo siempre las ra\u00edces en la tierra, en la responsabilidad global y en la cooperaci\u00f3n internacional. Es posible otra econom\u00eda sostenible donde se incluyan las necesidades de las comunidades y se fortalezcan los organismos de integraci\u00f3n\u201d, dijo en su discurso Ariel Guarco, presidente de la Alianza Cooperativa Internacional.<\/p>\n<p><strong>Agenda cargada<\/strong><\/p>\n<p>Previo al inicio de la Cumbre se realiz\u00f3 la reuni\u00f3n General de Miembros de ICAO (Organizaci\u00f3n Internacional de Cooperativas Agr\u00edcolas), de la cual particip\u00f3 el gerente de CAF, Luis Frachia en su calidad de coordinador de la REDACOOP (Red de Cooperativas Agropecuarias de las Am\u00e9ricas). Por su parte, en el marco de la Cumbre, la delegaci\u00f3n de CAF particip\u00f3 en la reuni\u00f3n general de miembros de la REDACOOP y en diversas reuniones agendadas con representantes de OCB Brasil, Agriterra, REAF y CONCOPAR Paraguay.<\/p>\n<p>Finalizada la Cumbre, nuestra presidente, junto a otras clases cooperativas, fue invitada por Cudecoop a una visita de cortes\u00eda al nuevo Consulado uruguayo en Argentina, y a la casa residencial de la Embajada, donde se mantuvo una excelente reuni\u00f3n con el Embajador de Uruguay en Argentina, H\u00e9ctor Lescano.<\/p>\n<p><strong>Una representante de lujo<\/strong><\/p>\n<p>En el marco de la Cumbre, Graciela Fern\u00e1ndez (presidente de CUDECOOP), asumi\u00f3 la presidencia de Cooperativa de las Am\u00e9ricas, regi\u00f3n de la Alianza Cooperativa Internacional, por un per\u00edodo de cuatro a\u00f1os.<\/p>\n<p>\u201cEsto constituye un m\u00e9rito personal de la Dra. G. Fern\u00e1ndez y un m\u00e9rito institucional. Tambi\u00e9n una gran responsabilidad para todo el movimiento cooperativo uruguayo y un gran desaf\u00edo a nivel interno. Tenemos que madurar sobre qu\u00e9 cooperativismo queremos, y c\u00f3mo lograr que sea sostenible, para incidir con firmeza y profesionalismo a nivel regional y mundial\u201d, valor\u00f3 nuestra presidente, Virginia San Martin.<\/p>\n","protected":false},"excerpt":{"rendered":"<p>Entre el 23 y el 26 de octubre, tres directivos y el gerente de CAF participaron de la V Cumbre Cooperativa de las Am\u00e9ricas, que se realiz\u00f3 en la ciudad &hellip; <a class=\"readmore\" href=\"https:\/\/caf.org.uy\/caf\/v-cumbre-cooperativa-de-las-americas\/\">Seguir leyendo &rarr;<\/a><\/p>\n","protected":false},"author":5,"featured_media":5575,"comment_status":"open","ping_status":"closed","sticky":false,"template":"","format":"standard","meta":{"csbAdvScrollBarCursor":"","footnotes":""},"categories":[20,2,42],"tags":[],"class_list":["post-5574","post","type-post","status-publish","format-standard","has-post-thumbnail","hentry","category-institucional-gremial","category-noticias","category-portada"],"_links":{"self":[{"href":"https:\/\/caf.org.uy\/caf\/wp-json\/wp\/v2\/posts\/5574","targetHints":{"allow":["GET"]}}],"collection":[{"href":"https:\/\/caf.org.uy\/caf\/wp-json\/wp\/v2\/posts"}],"about":[{"href":"https:\/\/caf.org.uy\/caf\/wp-json\/wp\/v2\/types\/post"}],"author":[{"embeddable":true,"href":"https:\/\/caf.org.uy\/caf\/wp-json\/wp\/v2\/users\/5"}],"replies":[{"embeddable":true,"href":"https:\/\/caf.org.uy\/caf\/wp-json\/wp\/v2\/comments?post=5574"}],"version-history":[{"count":2,"href":"https:\/\/caf.org.uy\/caf\/wp-json\/wp\/v2\/posts\/5574\/revisions"}],"predecessor-version":[{"id":5579,"href":"https:\/\/caf.org.uy\/caf\/wp-json\/wp\/v2\/posts\/5574\/revisions\/5579"}],"wp:featuredmedia":[{"embeddable":true,"href":"https:\/\/caf.org.uy\/caf\/wp-json\/wp\/v2\/media\/5575"}],"wp:attachment":[{"href":"https:\/\/caf.org.uy\/caf\/wp-json\/wp\/v2\/media?parent=5574"}],"wp:term":[{"taxonomy":"category","embeddable":true,"href":"https:\/\/caf.org.uy\/caf\/wp-json\/wp\/v2\/categories?post=5574"},{"taxonomy":"post_tag","embeddable":true,"href":"https:\/\/caf.org.uy\/caf\/wp-json\/wp\/v2\/tags?post=5574"}],"curies":[{"name":"wp","href":"https:\/\/api.w.org\/{rel}","templated":true}]}}