{"id":5566,"date":"2018-11-06T17:15:08","date_gmt":"2018-11-06T17:15:08","guid":{"rendered":"https:\/\/caf.org.uy\/caf\/?p=5566"},"modified":"2018-11-06T17:15:08","modified_gmt":"2018-11-06T17:15:08","slug":"gremiales-se-reunieron-con-ministro-benech","status":"publish","type":"post","link":"https:\/\/caf.org.uy\/caf\/gremiales-se-reunieron-con-ministro-benech\/","title":{"rendered":"Gremiales se reunieron con ministro Benech"},"content":{"rendered":"<p>Este lunes, las seis gremiales del agro (ACA, ANPL, ARU, CAF, CNFR y FR) se reunieron para dialogar con el ministro de Ganader\u00eda, Agricultura y Pesca, Enzo Benech. Costos, trazabilidad ganadera, mercados e institucionalidad fueron los temas planteados por el ministro.<\/p>\n<p>\u201cSe trat\u00f3 de un reuni\u00f3n de nivelaci\u00f3n de informaci\u00f3n, con un buen nivel de di\u00e1logo y donde se resalta la participaci\u00f3n de los t\u00e9cnicos involucrados en las tem\u00e1ticas. Desde CAF se aspira a profundizar el trabajo en los \u00e1mbitos correspondientes buscando efectivas soluciones\u201d, se\u00f1al\u00f3 Virginia San Mart\u00edn, presidente de CAF.<\/p>\n<p><strong>Di\u00e1logo para construir<\/strong><\/p>\n<p>Participaron el presidente de Asociaci\u00f3n de Cultivadores de Arroz, Alfredo Lago, la presidente y el secretario de las Cooperativas Agrarias Federadas, Virginia San Mart\u00edn y Aparicio Hirschy, el presidente de Asociaci\u00f3n Nacional de Productores de Leche, Wilson Cabrera, el presidente de Asociaci\u00f3n Rural del Uruguay, Gabriel Capurro, el vicepresidente de la Federaci\u00f3n Rural, Miguel Sanguinetti y por Comisi\u00f3n Nacional de Fomento Rural, Francisco Molinari y Fernando L\u00f3pez.<\/p>\n<p>Adem\u00e1s, participaron el subsecretario del MGAP, Alberto Castelar, el director general, Horacio Servetti, el director de Asuntos Internacionales, Rodolfo Camarosano, el director de Servicios Ganaderos, Eduardo Barre, la directora de SNIG, Mar\u00eda Nela Gonz\u00e1lez, el director de la Unidad de Comunicaci\u00f3n y Difusi\u00f3n, Juan Andr\u00e9s Elhordoy y el presidente de la Comisi\u00f3n Honoraria de Desarrollo Ap\u00edcolas, Julio Pintos.<\/p>\n","protected":false},"excerpt":{"rendered":"<p>Este lunes, las seis gremiales del agro (ACA, ANPL, ARU, CAF, CNFR y FR) se reunieron para dialogar con el ministro de Ganader\u00eda, Agricultura y Pesca, Enzo Benech. Costos, trazabilidad &hellip; <a class=\"readmore\" href=\"https:\/\/caf.org.uy\/caf\/gremiales-se-reunieron-con-ministro-benech\/\">Seguir leyendo &rarr;<\/a><\/p>\n","protected":false},"author":5,"featured_media":5567,"comment_status":"open","ping_status":"closed","sticky":false,"template":"","format":"standard","meta":{"csbAdvScrollBarCursor":"","footnotes":""},"categories":[20,2,42],"tags":[],"class_list":["post-5566","post","type-post","status-publish","format-standard","has-post-thumbnail","hentry","category-institucional-gremial","category-noticias","category-portada"],"_links":{"self":[{"href":"https:\/\/caf.org.uy\/caf\/wp-json\/wp\/v2\/posts\/5566","targetHints":{"allow":["GET"]}}],"collection":[{"href":"https:\/\/caf.org.uy\/caf\/wp-json\/wp\/v2\/posts"}],"about":[{"href":"https:\/\/caf.org.uy\/caf\/wp-json\/wp\/v2\/types\/post"}],"author":[{"embeddable":true,"href":"https:\/\/caf.org.uy\/caf\/wp-json\/wp\/v2\/users\/5"}],"replies":[{"embeddable":true,"href":"https:\/\/caf.org.uy\/caf\/wp-json\/wp\/v2\/comments?post=5566"}],"version-history":[{"count":1,"href":"https:\/\/caf.org.uy\/caf\/wp-json\/wp\/v2\/posts\/5566\/revisions"}],"predecessor-version":[{"id":5568,"href":"https:\/\/caf.org.uy\/caf\/wp-json\/wp\/v2\/posts\/5566\/revisions\/5568"}],"wp:featuredmedia":[{"embeddable":true,"href":"https:\/\/caf.org.uy\/caf\/wp-json\/wp\/v2\/media\/5567"}],"wp:attachment":[{"href":"https:\/\/caf.org.uy\/caf\/wp-json\/wp\/v2\/media?parent=5566"}],"wp:term":[{"taxonomy":"category","embeddable":true,"href":"https:\/\/caf.org.uy\/caf\/wp-json\/wp\/v2\/categories?post=5566"},{"taxonomy":"post_tag","embeddable":true,"href":"https:\/\/caf.org.uy\/caf\/wp-json\/wp\/v2\/tags?post=5566"}],"curies":[{"name":"wp","href":"https:\/\/api.w.org\/{rel}","templated":true}]}}