{"id":5537,"date":"2018-10-02T15:34:46","date_gmt":"2018-10-02T15:34:46","guid":{"rendered":"https:\/\/caf.org.uy\/caf\/?p=5537"},"modified":"2018-10-02T15:51:55","modified_gmt":"2018-10-02T15:51:55","slug":"comunicado-de-las-gremiales-tras-reunion-con-pit-cnt","status":"publish","type":"post","link":"https:\/\/caf.org.uy\/caf\/comunicado-de-las-gremiales-tras-reunion-con-pit-cnt\/","title":{"rendered":"Comunicado de las gremiales tras reuni\u00f3n con PIT-CNT"},"content":{"rendered":"<p>Este martes 2 de octubre, cinco gremiales del sector agropecuario (ACA, ANPL, ARU, CAF y FR) se reunieron con el Pit-Cnt en la sede las Cooperativas Agrarias Federadas (CAF) para\u00a0hablar sobre el futuro de las negociaciones en los Consejos de Salarios.<\/p>\n<p>Luego de la reuni\u00f3n, las gremiales emitieron un comunicado conjunto a la opini\u00f3n p\u00fablica. El documento inicia destacando y valorando\u00a0\u00abla actitud abierta a un dialogo constructivo manifestada durante toda la reuni\u00f3n\u00bb, y destaca que \u00aba pesar de las diferencias de visi\u00f3n que se tengan, seguiremos por esta l\u00ednea\u00bb.<\/p>\n<p>Se adjunta el documento firmado por Asociaci\u00f3n de Cultivadores de Arroz (ACA), Asociaci\u00f3n Nacional de Productores de Leche (ANPL), Asociaci\u00f3n Rural del Uruguay (ARU), Cooperativas Agrarias Federadas (CAF) y Federaci\u00f3n Rural (FR).<\/p>\n<p><a href=\"https:\/\/caf.org.uy\/caf\/wp-content\/uploads\/2018\/10\/COMUNICADO-Gremiales-Rurales.-2.10.18.pdf\">COMUNICADO Gremiales Rurales. 2.10.18<\/a><\/p>\n","protected":false},"excerpt":{"rendered":"<p>Este martes 2 de octubre, cinco gremiales del sector agropecuario (ACA, ANPL, ARU, CAF y FR) se reunieron con el Pit-Cnt en la sede las Cooperativas Agrarias Federadas (CAF) para\u00a0hablar &hellip; <a class=\"readmore\" href=\"https:\/\/caf.org.uy\/caf\/comunicado-de-las-gremiales-tras-reunion-con-pit-cnt\/\">Seguir leyendo &rarr;<\/a><\/p>\n","protected":false},"author":5,"featured_media":5539,"comment_status":"open","ping_status":"closed","sticky":false,"template":"","format":"standard","meta":{"csbAdvScrollBarCursor":"","footnotes":""},"categories":[20,2,42],"tags":[],"class_list":["post-5537","post","type-post","status-publish","format-standard","has-post-thumbnail","hentry","category-institucional-gremial","category-noticias","category-portada"],"_links":{"self":[{"href":"https:\/\/caf.org.uy\/caf\/wp-json\/wp\/v2\/posts\/5537","targetHints":{"allow":["GET"]}}],"collection":[{"href":"https:\/\/caf.org.uy\/caf\/wp-json\/wp\/v2\/posts"}],"about":[{"href":"https:\/\/caf.org.uy\/caf\/wp-json\/wp\/v2\/types\/post"}],"author":[{"embeddable":true,"href":"https:\/\/caf.org.uy\/caf\/wp-json\/wp\/v2\/users\/5"}],"replies":[{"embeddable":true,"href":"https:\/\/caf.org.uy\/caf\/wp-json\/wp\/v2\/comments?post=5537"}],"version-history":[{"count":4,"href":"https:\/\/caf.org.uy\/caf\/wp-json\/wp\/v2\/posts\/5537\/revisions"}],"predecessor-version":[{"id":5543,"href":"https:\/\/caf.org.uy\/caf\/wp-json\/wp\/v2\/posts\/5537\/revisions\/5543"}],"wp:featuredmedia":[{"embeddable":true,"href":"https:\/\/caf.org.uy\/caf\/wp-json\/wp\/v2\/media\/5539"}],"wp:attachment":[{"href":"https:\/\/caf.org.uy\/caf\/wp-json\/wp\/v2\/media?parent=5537"}],"wp:term":[{"taxonomy":"category","embeddable":true,"href":"https:\/\/caf.org.uy\/caf\/wp-json\/wp\/v2\/categories?post=5537"},{"taxonomy":"post_tag","embeddable":true,"href":"https:\/\/caf.org.uy\/caf\/wp-json\/wp\/v2\/tags?post=5537"}],"curies":[{"name":"wp","href":"https:\/\/api.w.org\/{rel}","templated":true}]}}