{"id":5516,"date":"2018-09-21T14:08:20","date_gmt":"2018-09-21T14:08:20","guid":{"rendered":"https:\/\/caf.org.uy\/caf\/?p=5516"},"modified":"2018-09-21T14:09:21","modified_gmt":"2018-09-21T14:09:21","slug":"puesta-a-punto-en-politica-de-suelos","status":"publish","type":"post","link":"https:\/\/caf.org.uy\/caf\/puesta-a-punto-en-politica-de-suelos\/","title":{"rendered":"Puesta a punto en pol\u00edtica de suelos"},"content":{"rendered":"<p>El Director General de Recursos Naturales del MGAP, Fernando Garc\u00eda Pr\u00e9chac, particip\u00f3 del Consejo Directivo de CAF del mes de setiembre y anunci\u00f3 novedades en el Programa de Conservaci\u00f3n de Suelos.<\/p>\n<p>Con un repaso de las instancias de trabajo conjunto que en la \u00faltima d\u00e9cada su Direcci\u00f3n ha tenido con CAF, el Ing. Agr. (PhD) Fernando Garc\u00eda Pr\u00e9chac (Director General de Recursos Naturales) inici\u00f3 su exposici\u00f3n en nuestro Consejo Directivo. El motivo de la visita fue realizar una presentaci\u00f3n sobre los resultados y la actualizaci\u00f3n t\u00e9cnica que se realizar\u00e1 a la Pol\u00edtica de Conservaci\u00f3n de Suelos (PUMR).<\/p>\n<p>\u201cHasta 2017 se han presentado al MGAP 16.121 planes de uso y manejos de suelos que ocupan 1,59 Mha del territorio nacional, lo que supone el 96% del \u00e1rea obligada\u201d, destac\u00f3. El jerarca se\u00f1al\u00f3 que a febrero de 2017 el MGAP hab\u00eda fiscalizado el 10% de los planes presentados y que hab\u00eda detectado que el 4% de ellos se encontraba en contravenci\u00f3n de las normas.<\/p>\n<p>Garc\u00eda anunci\u00f3 que a fines de setiembre quedar\u00e1 operativa una actualizaci\u00f3n del programa de estimaci\u00f3n de erosi\u00f3n de los suelos. La misma supondr\u00e1 tres grandes cambios: considerar\u00e1 la variaci\u00f3n del contenido de agua del suelo en el caso de las rotaciones que se realicen en Secano; actualizar\u00e1 los valores de erosividad de las lluvias, y limitar\u00e1 la magnitud de % de suelo cubierto por residuos a la siembra.<\/p>\n<p>El director tambi\u00e9n indic\u00f3 que a futuro, cuando se declaren terrazas, se deber\u00e1 presentar un documento con su ubicaci\u00f3n sobre base cartogr\u00e1fica o equivalente, se\u00f1alando los principales detalles de su dise\u00f1o y de sus desag\u00fces.<\/p>\n<p><strong>Tres prioridades en su gesti\u00f3n<\/strong><\/p>\n<p>Garc\u00eda Pr\u00e9chac asumi\u00f3 su cargo actual el 1\u00b0 de junio de 2018. Continuar con las pol\u00edticas que se ven\u00edan realizando en la Direcci\u00f3n es su cometido central, pero puntualiza tres aspectos claves. \u201cLo m\u00e1s importante es el tema de conservaci\u00f3n de suelos a trav\u00e9s de los planes de uso y manejo y la actualizaci\u00f3n t\u00e9cnica que se present\u00f3 en CAF. Otro aspecto clave es la modificaci\u00f3n de la ley de riego, con la que se intenta dar oportunidades en forma asociativa a productores peque\u00f1os interesados en desarrollar soluciones en este tema\u201d, dijo.<\/p>\n<p>\u201cUn tercer aspecto, de m\u00e1s reciente desarrollo, tiene que ver con generar una unidad que se ocupe de las plantas productivas, que b\u00e1sicamente tiene que ver con Campo Natural. Su rol es coordinar las Investigaciones que las instituciones agropecuarias realizan en el \u00e1rea con los compromisos y las pol\u00edticas ambientales relacionadas a biodiversidad. El desaf\u00edo pasa por lograr una pol\u00edtica de promoci\u00f3n de buen uso y manejo de las pasturas naturales\u201d, concluy\u00f3.<\/p>\n<p><strong>Necesidad imperiosa<\/strong><\/p>\n<p>\u201cPara nuestra Direcci\u00f3n, es una necesidad imperiosa el trabajar en conjunto con CAF y con todos los dem\u00e1s agrupamientos de productores\u2026 Sobre todo con los agricultores y los intensivos animales, como la lecher\u00eda, que es donde est\u00e1n los problemas m\u00e1s importantes de conservaci\u00f3n de suelos y agua. Tenemos la necesidad de de trabajar juntos para que toda la sociedad entienda los esfuerzos que se hacen y todo lo que se ha avanzado en materia de sustentabilidad ambiental\u201d, remat\u00f3.<\/p>\n","protected":false},"excerpt":{"rendered":"<p>El Director General de Recursos Naturales del MGAP, Fernando Garc\u00eda Pr\u00e9chac, particip\u00f3 del Consejo Directivo de CAF del mes de setiembre y anunci\u00f3 novedades en el Programa de Conservaci\u00f3n de &hellip; <a class=\"readmore\" href=\"https:\/\/caf.org.uy\/caf\/puesta-a-punto-en-politica-de-suelos\/\">Seguir leyendo &rarr;<\/a><\/p>\n","protected":false},"author":5,"featured_media":5517,"comment_status":"open","ping_status":"closed","sticky":false,"template":"","format":"standard","meta":{"csbAdvScrollBarCursor":"","footnotes":""},"categories":[20,2,42],"tags":[],"class_list":["post-5516","post","type-post","status-publish","format-standard","has-post-thumbnail","hentry","category-institucional-gremial","category-noticias","category-portada"],"_links":{"self":[{"href":"https:\/\/caf.org.uy\/caf\/wp-json\/wp\/v2\/posts\/5516","targetHints":{"allow":["GET"]}}],"collection":[{"href":"https:\/\/caf.org.uy\/caf\/wp-json\/wp\/v2\/posts"}],"about":[{"href":"https:\/\/caf.org.uy\/caf\/wp-json\/wp\/v2\/types\/post"}],"author":[{"embeddable":true,"href":"https:\/\/caf.org.uy\/caf\/wp-json\/wp\/v2\/users\/5"}],"replies":[{"embeddable":true,"href":"https:\/\/caf.org.uy\/caf\/wp-json\/wp\/v2\/comments?post=5516"}],"version-history":[{"count":1,"href":"https:\/\/caf.org.uy\/caf\/wp-json\/wp\/v2\/posts\/5516\/revisions"}],"predecessor-version":[{"id":5518,"href":"https:\/\/caf.org.uy\/caf\/wp-json\/wp\/v2\/posts\/5516\/revisions\/5518"}],"wp:featuredmedia":[{"embeddable":true,"href":"https:\/\/caf.org.uy\/caf\/wp-json\/wp\/v2\/media\/5517"}],"wp:attachment":[{"href":"https:\/\/caf.org.uy\/caf\/wp-json\/wp\/v2\/media?parent=5516"}],"wp:term":[{"taxonomy":"category","embeddable":true,"href":"https:\/\/caf.org.uy\/caf\/wp-json\/wp\/v2\/categories?post=5516"},{"taxonomy":"post_tag","embeddable":true,"href":"https:\/\/caf.org.uy\/caf\/wp-json\/wp\/v2\/tags?post=5516"}],"curies":[{"name":"wp","href":"https:\/\/api.w.org\/{rel}","templated":true}]}}