{"id":5477,"date":"2018-08-15T17:19:02","date_gmt":"2018-08-15T17:19:02","guid":{"rendered":"http:\/\/www.caf.org.uy\/site\/?p=5477"},"modified":"2018-08-15T17:19:02","modified_gmt":"2018-08-15T17:19:02","slug":"asumio-el-nuevo-consejo-de-caf","status":"publish","type":"post","link":"https:\/\/caf.org.uy\/caf\/asumio-el-nuevo-consejo-de-caf\/","title":{"rendered":"Asumi\u00f3 el nuevo Consejo de CAF"},"content":{"rendered":"<p>El martes 14 de agosto se realiz\u00f3 la distribuci\u00f3n de cargos y la asunci\u00f3n de los nuevos integrantes del Consejo Directivo de CAF, quienes fueron electos en julio en nuestra Asamblea Anual. Como presidente, fue reelegida la Ing. Agr. Virginia San Mart\u00edn.<br \/>\n\u201cEs un per\u00edodo complejo en diversos sentidos: estamos atravesando un contexto econ\u00f3mico muy dif\u00edcil y un a\u00f1o pol\u00edticamente especial, con la proximidad de las elecciones nacionales. En este marco, renuevo el compromiso de dar lo m\u00e1ximo por las cooperativas y las SFR\u201d, dijo la presidente en el Consejo.<br \/>\n\u201cDesde 2004 venimos poniendo el tema competitividad sobre la mesa y seguiremos enfatizando en su importancia. Tambi\u00e9n pondremos el foco en trabajar estrat\u00e9gicamente en las propuestas program\u00e1ticas para presentar al sistema pol\u00edtico de cara a las pr\u00f3ximas elecciones, porque nuestra obligaci\u00f3n como gremial es incidir en las pol\u00edticas p\u00fablicas y para obtener logros hay que actuar en gobernanza\u201d, dijo.<br \/>\nSan Mart\u00edn remarc\u00f3 tambi\u00e9n que la estrecha conexi\u00f3n con las cooperativas es el eje del trabajo que realiza CAF. \u201cTrabajamos pensando en y para las cooperativas, basados en el trabajo en equipo y en la confianza. Seguiremos buscando generar nuevas alternativas de negocio, apostando a la intercooperaci\u00f3n y la generaci\u00f3n de nuevas alianzas, pensando con visi\u00f3n estrat\u00e9gica a largo plazo\u201d, sostuvo.<br \/>\nCon respecto a la nueva constituci\u00f3n del Consejo Directivo, la presidente remarc\u00f3 la incorporaci\u00f3n de cuatro consejeros nuevos. \u201cEsto nos parece muy importante porque apostamos a la renovaci\u00f3n, siempre manteniendo el equilibrio entre la experiencia y las nuevas visiones\u201d, concluy\u00f3.<br \/>\nPara conocer c\u00f3mo est\u00e1 constituido el Consejo Directivo 2018-2019 de CAF, <a href=\"http:\/\/www.caf.org.uy\/site\/?page_id=49\">siga este enlace<\/a>.<br \/>\n&nbsp;<\/p>\n","protected":false},"excerpt":{"rendered":"<p>El martes 14 de agosto se realiz\u00f3 la distribuci\u00f3n de cargos y la asunci\u00f3n de los nuevos integrantes del Consejo Directivo de CAF, quienes fueron electos en julio en nuestra &hellip; <a class=\"readmore\" href=\"https:\/\/caf.org.uy\/caf\/asumio-el-nuevo-consejo-de-caf\/\">Seguir leyendo &rarr;<\/a><\/p>\n","protected":false},"author":1,"featured_media":5478,"comment_status":"open","ping_status":"closed","sticky":false,"template":"","format":"standard","meta":{"csbAdvScrollBarCursor":"","footnotes":""},"categories":[20,2,42],"tags":[],"class_list":["post-5477","post","type-post","status-publish","format-standard","has-post-thumbnail","hentry","category-institucional-gremial","category-noticias","category-portada"],"_links":{"self":[{"href":"https:\/\/caf.org.uy\/caf\/wp-json\/wp\/v2\/posts\/5477","targetHints":{"allow":["GET"]}}],"collection":[{"href":"https:\/\/caf.org.uy\/caf\/wp-json\/wp\/v2\/posts"}],"about":[{"href":"https:\/\/caf.org.uy\/caf\/wp-json\/wp\/v2\/types\/post"}],"author":[{"embeddable":true,"href":"https:\/\/caf.org.uy\/caf\/wp-json\/wp\/v2\/users\/1"}],"replies":[{"embeddable":true,"href":"https:\/\/caf.org.uy\/caf\/wp-json\/wp\/v2\/comments?post=5477"}],"version-history":[{"count":0,"href":"https:\/\/caf.org.uy\/caf\/wp-json\/wp\/v2\/posts\/5477\/revisions"}],"wp:featuredmedia":[{"embeddable":true,"href":"https:\/\/caf.org.uy\/caf\/wp-json\/wp\/v2\/media\/5478"}],"wp:attachment":[{"href":"https:\/\/caf.org.uy\/caf\/wp-json\/wp\/v2\/media?parent=5477"}],"wp:term":[{"taxonomy":"category","embeddable":true,"href":"https:\/\/caf.org.uy\/caf\/wp-json\/wp\/v2\/categories?post=5477"},{"taxonomy":"post_tag","embeddable":true,"href":"https:\/\/caf.org.uy\/caf\/wp-json\/wp\/v2\/tags?post=5477"}],"curies":[{"name":"wp","href":"https:\/\/api.w.org\/{rel}","templated":true}]}}