{"id":5473,"date":"2018-08-15T17:13:42","date_gmt":"2018-08-15T17:13:42","guid":{"rendered":"https:\/\/caf.org.uy\/caf\/?p=5473"},"modified":"2018-08-15T17:16:18","modified_gmt":"2018-08-15T17:16:18","slug":"comunicado-de-las-gremiales","status":"publish","type":"post","link":"https:\/\/caf.org.uy\/caf\/comunicado-de-las-gremiales\/","title":{"rendered":"Comunicado de las gremiales"},"content":{"rendered":"<p>Las gremiales agropecuarias ACA, ANPL, ARU, CAF y FR, anunciaron temporalmente el retiro de la ronda del Consejo de Salarios Grupo 22 trabajadores rurales, \u00abno habiendo ofrecido el Poder Ejecutivo las condiciones y las garant\u00edas necesarias para continuar\u00bb, se\u00f1ala el comunicado.<\/p>\n<p>\u201cDesde hace meses, venimos dialogando y advirtiendo en diferentes \u00e1mbitos sobre el incremento en la tasa de desempleo y en la baja en la actividad productiva. Anticipamos este problema al Poder Ejecutivo (MGAP, MTSS y MEF), y vemos con alt\u00edsima preocupaci\u00f3n c\u00f3mo los conflictos laborales repercuten de forma estructural a nivel empresarial y a nivel pa\u00eds. De all\u00ed surge nuestra determinaci\u00f3n de acompa\u00f1ar a las gremiales que participan activamente en el grupo 22\u201c, explic\u00f3 Virginia San Mart\u00edn (presidente de CAF).<\/p>\n<p>Puede <a href=\"https:\/\/caf.org.uy\/caf\/wp-content\/uploads\/2018\/08\/leer-el-comunicado-aqu\u00ed.pdf\">leer el comunicado aqu\u00ed<\/a>.<\/p>\n","protected":false},"excerpt":{"rendered":"<p>Las gremiales agropecuarias ACA, ANPL, ARU, CAF y FR, anunciaron temporalmente el retiro de la ronda del Consejo de Salarios Grupo 22 trabajadores rurales, \u00abno habiendo ofrecido el Poder Ejecutivo &hellip; <a class=\"readmore\" href=\"https:\/\/caf.org.uy\/caf\/comunicado-de-las-gremiales\/\">Seguir leyendo &rarr;<\/a><\/p>\n","protected":false},"author":5,"featured_media":5475,"comment_status":"open","ping_status":"closed","sticky":false,"template":"","format":"standard","meta":{"csbAdvScrollBarCursor":"","footnotes":""},"categories":[20,2,42],"tags":[],"class_list":["post-5473","post","type-post","status-publish","format-standard","has-post-thumbnail","hentry","category-institucional-gremial","category-noticias","category-portada"],"_links":{"self":[{"href":"https:\/\/caf.org.uy\/caf\/wp-json\/wp\/v2\/posts\/5473","targetHints":{"allow":["GET"]}}],"collection":[{"href":"https:\/\/caf.org.uy\/caf\/wp-json\/wp\/v2\/posts"}],"about":[{"href":"https:\/\/caf.org.uy\/caf\/wp-json\/wp\/v2\/types\/post"}],"author":[{"embeddable":true,"href":"https:\/\/caf.org.uy\/caf\/wp-json\/wp\/v2\/users\/5"}],"replies":[{"embeddable":true,"href":"https:\/\/caf.org.uy\/caf\/wp-json\/wp\/v2\/comments?post=5473"}],"version-history":[{"count":1,"href":"https:\/\/caf.org.uy\/caf\/wp-json\/wp\/v2\/posts\/5473\/revisions"}],"predecessor-version":[{"id":5476,"href":"https:\/\/caf.org.uy\/caf\/wp-json\/wp\/v2\/posts\/5473\/revisions\/5476"}],"wp:featuredmedia":[{"embeddable":true,"href":"https:\/\/caf.org.uy\/caf\/wp-json\/wp\/v2\/media\/5475"}],"wp:attachment":[{"href":"https:\/\/caf.org.uy\/caf\/wp-json\/wp\/v2\/media?parent=5473"}],"wp:term":[{"taxonomy":"category","embeddable":true,"href":"https:\/\/caf.org.uy\/caf\/wp-json\/wp\/v2\/categories?post=5473"},{"taxonomy":"post_tag","embeddable":true,"href":"https:\/\/caf.org.uy\/caf\/wp-json\/wp\/v2\/tags?post=5473"}],"curies":[{"name":"wp","href":"https:\/\/api.w.org\/{rel}","templated":true}]}}