{"id":5466,"date":"2018-08-09T12:10:11","date_gmt":"2018-08-09T12:10:11","guid":{"rendered":"http:\/\/www.caf.org.uy\/site\/?p=5466"},"modified":"2018-08-09T12:10:11","modified_gmt":"2018-08-09T12:10:11","slug":"avances-en-el-seguro-agricola","status":"publish","type":"post","link":"https:\/\/caf.org.uy\/caf\/avances-en-el-seguro-agricola\/","title":{"rendered":"Avances en el seguro agr\u00edcola"},"content":{"rendered":"<p>El lunes 6 de agosto, las gremiales agropecuarias se reunieron con representantes del gobierno en torno a una nueva mesa de trabajo. El avance en la conformaci\u00f3n de un seguro agr\u00edcola que cuente con el apoyo estatal fue el punto m\u00e1s destacado de la instancia, seg\u00fan Virginia San Mart\u00edn, presidente de CAF.<br \/>\nEl seguro agropecuario est\u00e1 destinado a prever escenarios como el que se dio en la \u00faltima siembra de verano, en la que por causa del clima la producci\u00f3n se redujo a un tercio del promedio hist\u00f3rico. Solo en lo que concierne a la soja, esto supuso una estimaci\u00f3n de p\u00e9rdidas cercana a los US$ 500 millones.<br \/>\nUna comisi\u00f3n integrada por representantes del gobierno y de las gremiales agropecuarias trabaja en este tema, y desde el gobierno ya se anunci\u00f3 que hay voluntad pol\u00edtica para dar apoyo cubriendo parte del costo del seguro, tanto para los productores que aportan por IRAE como para los que lo hacen por IMEBA. Para eso se necesita un proyecto de ley que regule el tema.<br \/>\nTambi\u00e9n se convers\u00f3 sobre la necesidad de tener un seguro nuevo, que est\u00e9 adaptado y que tenga en cuenta el rendimiento del cultivo.<br \/>\nAdem\u00e1s de San Mart\u00edn, la reuni\u00f3n congreg\u00f3 a: Alfredo Lago (presidente de la Asociaci\u00f3n de Cultivadores de Arroz), Wilson Cabrera (presidente de la Asociaci\u00f3n Nacional de Productores de Leche), Mario Buzzalino (presidente de la Comisi\u00f3n Nacional de Fomento Rural), y Miguel Sanguinetti, y Ricardo Berois (presidente y vicepresidente de la Federaci\u00f3n Rural). Por el Poder Ejecutivo participaron el ministro del MGAP, Enzo Benech, el subdirector de OPP, Santiago Soto y el director de coordinaci\u00f3n del Ministerio de Trabajo, Ariel Ferrari.<br \/>\n<strong>La importancia del seguro para las cooperativas agr\u00edcolas<\/strong><br \/>\nLas cooperativas agr\u00edcolas socias de CAF agrupan a m\u00e1s del 25% de los productores que siembran soja y representan aproximadamente el 12% del \u00e1rea sembrada. Las cooperativas constituyen la herramienta que financia a m\u00e1s de la mitad de esos productores para que puedan realizar su campa\u00f1a.<br \/>\nEn ese marco, trabajar el tema Seguros es importante para que los productores socios de las cooperativas (que en su mayor\u00eda con de tama\u00f1o peque\u00f1o y mediano) puedan mantener su \u00e1rea de siembra y su fuente de empleo de manera sostenible.<br \/>\n<strong>Otros temas abordaron en la reuni\u00f3n<\/strong><br \/>\nEn la reuni\u00f3n, que dur\u00f3 casi tres horas, tambi\u00e9n se abordaron otros temas relacionados con el sector, como la exportaci\u00f3n de ganado en pie, la contribuci\u00f3n inmobiliaria rural, los seguros agropecuarios, la transferencia de tecnolog\u00eda y la conciencia agropecuaria.<br \/>\nEn lo referente a la exportaci\u00f3n de ganado en pie, hubo consenso en torno a la importancia de mantener esta alternativa comercial y se acord\u00f3 que no es necesario hacer cambios, ya que ha fortalecido al sector criador, lo que ha ayudado a la cadena en su conjunto.<\/p>\n","protected":false},"excerpt":{"rendered":"<p>El lunes 6 de agosto, las gremiales agropecuarias se reunieron con representantes del gobierno en torno a una nueva mesa de trabajo. El avance en la conformaci\u00f3n de un seguro &hellip; <a class=\"readmore\" href=\"https:\/\/caf.org.uy\/caf\/avances-en-el-seguro-agricola\/\">Seguir leyendo &rarr;<\/a><\/p>\n","protected":false},"author":1,"featured_media":5467,"comment_status":"open","ping_status":"closed","sticky":false,"template":"","format":"standard","meta":{"csbAdvScrollBarCursor":"","footnotes":""},"categories":[20,2,42],"tags":[],"class_list":["post-5466","post","type-post","status-publish","format-standard","has-post-thumbnail","hentry","category-institucional-gremial","category-noticias","category-portada"],"_links":{"self":[{"href":"https:\/\/caf.org.uy\/caf\/wp-json\/wp\/v2\/posts\/5466","targetHints":{"allow":["GET"]}}],"collection":[{"href":"https:\/\/caf.org.uy\/caf\/wp-json\/wp\/v2\/posts"}],"about":[{"href":"https:\/\/caf.org.uy\/caf\/wp-json\/wp\/v2\/types\/post"}],"author":[{"embeddable":true,"href":"https:\/\/caf.org.uy\/caf\/wp-json\/wp\/v2\/users\/1"}],"replies":[{"embeddable":true,"href":"https:\/\/caf.org.uy\/caf\/wp-json\/wp\/v2\/comments?post=5466"}],"version-history":[{"count":0,"href":"https:\/\/caf.org.uy\/caf\/wp-json\/wp\/v2\/posts\/5466\/revisions"}],"wp:featuredmedia":[{"embeddable":true,"href":"https:\/\/caf.org.uy\/caf\/wp-json\/wp\/v2\/media\/5467"}],"wp:attachment":[{"href":"https:\/\/caf.org.uy\/caf\/wp-json\/wp\/v2\/media?parent=5466"}],"wp:term":[{"taxonomy":"category","embeddable":true,"href":"https:\/\/caf.org.uy\/caf\/wp-json\/wp\/v2\/categories?post=5466"},{"taxonomy":"post_tag","embeddable":true,"href":"https:\/\/caf.org.uy\/caf\/wp-json\/wp\/v2\/tags?post=5466"}],"curies":[{"name":"wp","href":"https:\/\/api.w.org\/{rel}","templated":true}]}}