{"id":5462,"date":"2018-08-07T15:33:50","date_gmt":"2018-08-07T15:33:50","guid":{"rendered":"https:\/\/caf.org.uy\/caf\/?p=5462"},"modified":"2018-08-21T15:27:09","modified_gmt":"2018-08-21T15:27:09","slug":"encuentro-nacional-de-cooperativas","status":"publish","type":"post","link":"https:\/\/caf.org.uy\/caf\/encuentro-nacional-de-cooperativas\/","title":{"rendered":"Encuentro Nacional de Cooperativas"},"content":{"rendered":"<p>El 21, 23 y 24 de agosto se realizar\u00e1 el 4\u00b0 Encuentro Nacional de Cooperativas, que es organizado por CUDECOOP y que tendr\u00e1 lugar en la Intendencia de Montevideo. El evento reunir\u00e1 a cooperativistas de todo el pa\u00eds para intercambiar sobre los desaf\u00edos del cooperativismo uruguayo hacia el 2030.<\/p>\n<p>Conferencias de destacados panelistas nacionales e internacionales, mesas de intercambio, encuentros tem\u00e1ticos y espect\u00e1culos art\u00edsticos, son parte de la agenda del encuentro, que girar\u00e1n en torno a los siguientes ejes:<\/p>\n<p>\u2013&gt; Cambios sociales y econ\u00f3micos a largo plazo y nuevas oportunidades para la cooperaci\u00f3n<\/p>\n<p>\u2013&gt; Los Objetivos de Desarrollo Sostenibles de las Naciones Unidas y como contribuyen a las cooperativas al desarrollo sostenible del Uruguay<\/p>\n<p>\u2013&gt; Hacia una pol\u00edtica de estado para la Econom\u00eda Social<\/p>\n<p>CAF estar\u00e1 presente a trav\u00e9s de un stand institucional y participar\u00e1 en algunas de las ponencias, compartiendo experiencias y visi\u00f3n de trabajo en temas como g\u00e9nero, juventud y desaf\u00edos a futuro del cooperativismo agrario.<\/p>\n<p><a href=\"https:\/\/docs.google.com\/forms\/d\/e\/1FAIpQLSf0sWCCADoJRSAoXP7derbdQv3jhWfPlmKxS7_qj9ojzK1BpQ\/viewform\">INGRESAR AL FORMULARIO DE INSCRIPCI\u00d3N<\/a>.<\/p>\n<p><strong>Sobre el cronograma<\/strong><\/p>\n<p>La ceremonia de apertura se realizar\u00e1 el martes 21 a las 18.30 hs. En la instancia, har\u00e1n uso de la palabra: Daniel Mart\u00ednez, Intendente de Montevideo; Richard Charamelo, Presidente de la Comisi\u00f3n Especial del Cooperativismo de la C\u00e1mara de Representantes; Gustavo Bernini, Presidente de INACOOP; Ernesto Murro, Ministro de Trabajo y Seguridad Social; Ariel Guarco, Presidente de la Alianza Cooperativa Internacional; y Graciela Fern\u00e1ndez, Presidenta de CUDECOOP.<\/p>\n<p>Tanto el jueves 23 como el viernes 24, la actividad se extender\u00e1 de 9 a 17 hs. El jueves, la agenda inicia con las exposiciones de las diferentes clases cooperativas, en la que har\u00e1 uso de la palabra Virginia San Mart\u00edn, presidente de CAF. A las 10.30 hs se realizar\u00e1n las conferencias centrales del Encuentro que, entre otros, abordar\u00e1n temas como: \u201cActualidad de las pol\u00edticas p\u00fablicas para la Econom\u00eda Social en Europa\u201d, \u201cLos ODS y el protagonismo de las cooperativas para la construcci\u00f3n de un planeta sostenible\u201d y \u201cUruguay y el trabajo del futuro\u201d.<\/p>\n<p>A las 14 hs iniciar\u00e1n las mesas de intercambio sobre los tres ejes centrales del Encuentro: \u201cCambios sociales y econ\u00f3micos a largo plazo y nuevas oportunidades para la cooperaci\u00f3n\u201d, \u201cLos ODS de las Naciones Unidas y como contribuyen las cooperativas al desarrollo sostenible del Uruguay\u201d, y \u201cHacia una Pol\u00edtica de Estado para la Econom\u00eda Social\u201d.<\/p>\n<p>El viernes la actividad inicia a las 9 hs con cuatro encuentros simult\u00e1neos: G\u00e9nero, J\u00f3venes, Educaci\u00f3n Cooperativa y Mesa sobre Internacionalizaci\u00f3n e Intercooperaci\u00f3n. A partir de las 14 h se realizar\u00e1n las Conferencias de Cierre, Conclusiones del Encuentro y Acto de Clausura.<\/p>\n<p><a href=\"https:\/\/caf.org.uy\/caf\/wp-content\/uploads\/2018\/08\/Descargar-el-programa-completo-aqu\u00ed.pdf\">Descargar el programa completo aqu\u00ed<\/a>.<\/p>\n","protected":false},"excerpt":{"rendered":"<p>El 21, 23 y 24 de agosto se realizar\u00e1 el 4\u00b0 Encuentro Nacional de Cooperativas, que es organizado por CUDECOOP y que tendr\u00e1 lugar en la Intendencia de Montevideo. El &hellip; <a class=\"readmore\" href=\"https:\/\/caf.org.uy\/caf\/encuentro-nacional-de-cooperativas\/\">Seguir leyendo &rarr;<\/a><\/p>\n","protected":false},"author":5,"featured_media":5464,"comment_status":"open","ping_status":"closed","sticky":false,"template":"","format":"standard","meta":{"csbAdvScrollBarCursor":"","footnotes":""},"categories":[20,2,42],"tags":[],"class_list":["post-5462","post","type-post","status-publish","format-standard","has-post-thumbnail","hentry","category-institucional-gremial","category-noticias","category-portada"],"_links":{"self":[{"href":"https:\/\/caf.org.uy\/caf\/wp-json\/wp\/v2\/posts\/5462","targetHints":{"allow":["GET"]}}],"collection":[{"href":"https:\/\/caf.org.uy\/caf\/wp-json\/wp\/v2\/posts"}],"about":[{"href":"https:\/\/caf.org.uy\/caf\/wp-json\/wp\/v2\/types\/post"}],"author":[{"embeddable":true,"href":"https:\/\/caf.org.uy\/caf\/wp-json\/wp\/v2\/users\/5"}],"replies":[{"embeddable":true,"href":"https:\/\/caf.org.uy\/caf\/wp-json\/wp\/v2\/comments?post=5462"}],"version-history":[{"count":5,"href":"https:\/\/caf.org.uy\/caf\/wp-json\/wp\/v2\/posts\/5462\/revisions"}],"predecessor-version":[{"id":5483,"href":"https:\/\/caf.org.uy\/caf\/wp-json\/wp\/v2\/posts\/5462\/revisions\/5483"}],"wp:featuredmedia":[{"embeddable":true,"href":"https:\/\/caf.org.uy\/caf\/wp-json\/wp\/v2\/media\/5464"}],"wp:attachment":[{"href":"https:\/\/caf.org.uy\/caf\/wp-json\/wp\/v2\/media?parent=5462"}],"wp:term":[{"taxonomy":"category","embeddable":true,"href":"https:\/\/caf.org.uy\/caf\/wp-json\/wp\/v2\/categories?post=5462"},{"taxonomy":"post_tag","embeddable":true,"href":"https:\/\/caf.org.uy\/caf\/wp-json\/wp\/v2\/tags?post=5462"}],"curies":[{"name":"wp","href":"https:\/\/api.w.org\/{rel}","templated":true}]}}