{"id":5455,"date":"2018-08-03T17:56:07","date_gmt":"2018-08-03T17:56:07","guid":{"rendered":"http:\/\/www.caf.org.uy\/site\/?p=5455"},"modified":"2018-08-03T17:56:07","modified_gmt":"2018-08-03T17:56:07","slug":"sin-productores-no-hay-cooperativa","status":"publish","type":"post","link":"https:\/\/caf.org.uy\/caf\/sin-productores-no-hay-cooperativa\/","title":{"rendered":"\u201cSin productores no hay cooperativa\u201d"},"content":{"rendered":"<p>Desde CAF hemos explicitado el apoyo permanente a CONAPROLE a prop\u00f3sito de la situaci\u00f3n del conflicto laboral que atraviesa. En esta oportunidad, compartimos el sentir en primera persona de un tambero y consejero de CAF sobre la situaci\u00f3n de nuestra socia.<br \/>\n<strong>Sin productores no hay industria, cooperativa, ni trabajo<\/strong><br \/>\nPalabras de Alejandro Pacheco (delegado de CONAPROLE, consejero de CAF y consejero en INALE):<br \/>\n\u00abComo productores y gremialistas, vemos que el conflicto en CONAPROLE ha alcanzado niveles extremos de irracionalidad, y que marcar\u00e1 un antes y un despu\u00e9s. CONAPROLE es uno de los mejores lugares para trabajar en Uruguay y hay que cuidarlo. Nosotros, los productores, estamos comprometidos con la calidad del producto, endeudados y cada vez produciendo m\u00e1s para que la cooperativa y sus trabajadores tengan el trabajo y el sustento diario.<br \/>\nHay que tener bien en claro que si bien el esfuerzo de los trabajadores convirtiendo la materia prima en productos con valor agregado es fundamental, m\u00e1s fundamental e importante es la materia prima que producimos. Sin productores, no hay industria, no hay cooperativa y no hay trabajo.<br \/>\nCreemos que el respaldo que los productores le estamos dando al Directorio de la cooperativa marca un punto esencial en este conflicto.<br \/>\nCuando se solicitan cosas serias es bueno negociar y darlas, pero cuando se solicita y se exige por encima de las posibilidades, muchas veces con dureza y con actitudes irracionales, no es aconsejable ceder. Por eso, le hemos exigido al Directorio de nuestra cooperativa no ceder, y le pedimos y le exigimos al Gobierno que tome cartas en el asunto de forma imparcial y r\u00e1pida por el bien de todo el pa\u00eds.<br \/>\nHan cerrado y siguen cerrando muchos tambos e industrias y la actitud del gremio coartando el derecho al trabajo de empresas tercerizadas no es admisible. El gobierno tiene que actuar\u00bb.<br \/>\n<strong>\u00bfHasta cu\u00e1ndo podemos seguir as\u00ed?<\/strong><br \/>\nPalabras de Juan Antonio Rodr\u00edguez (Consejero de CAF y directivo de ANPL):<br \/>\n\u201cEn este momento del conflicto en CONAPROLE no se puede aflojar y tranzar. Hoy la situaci\u00f3n dej\u00f3 de estar en manos de los directores de nuestra cooperativa para estar en mano de los socios-productores. Hay que encauzar las relaciones laborales para que cada uno est\u00e9 en su justo lugar.<br \/>\nCONAPROLE es una empresa grande conformada fundamentalmente por productores chicos y medianos, con un pu\u00f1ado de productores grandes. Actualmente los productores m\u00e1s eficientes est\u00e1n cambiando la plata y los chicos se est\u00e1n endeudando, porque mes a mes tienen que poner dinero de su bolsillo. \u00bfHasta cu\u00e1ndo podemos seguir produciendo as\u00ed?<br \/>\nDiariamente veo productores chicos que la est\u00e1n luchando y saben que est\u00e1n perdiendo. Lo que no veo es el compa\u00f1erismo sindical, en momentos en que no resisten m\u00e1s como COLEME, PILI, PARMALAT.<br \/>\nEl mandato que los productores hicimos a nuestra cooperativa es claro: no se puede dar lo que no hay. No discutimos las condiciones laborales actuales y estamos contentos de que CONAPROLE sea uno de los mejores lugares para trabajar en Uruguay, pero hoy no se puede dar m\u00e1s.<br \/>\nAgradezco el respaldo permanente de CAF\u201d.<\/p>\n","protected":false},"excerpt":{"rendered":"<p>Desde CAF hemos explicitado el apoyo permanente a CONAPROLE a prop\u00f3sito de la situaci\u00f3n del conflicto laboral que atraviesa. En esta oportunidad, compartimos el sentir en primera persona de un &hellip; <a class=\"readmore\" href=\"https:\/\/caf.org.uy\/caf\/sin-productores-no-hay-cooperativa\/\">Seguir leyendo &rarr;<\/a><\/p>\n","protected":false},"author":1,"featured_media":4377,"comment_status":"open","ping_status":"closed","sticky":false,"template":"","format":"standard","meta":{"csbAdvScrollBarCursor":"","footnotes":""},"categories":[20,2,42],"tags":[],"class_list":["post-5455","post","type-post","status-publish","format-standard","has-post-thumbnail","hentry","category-institucional-gremial","category-noticias","category-portada"],"_links":{"self":[{"href":"https:\/\/caf.org.uy\/caf\/wp-json\/wp\/v2\/posts\/5455","targetHints":{"allow":["GET"]}}],"collection":[{"href":"https:\/\/caf.org.uy\/caf\/wp-json\/wp\/v2\/posts"}],"about":[{"href":"https:\/\/caf.org.uy\/caf\/wp-json\/wp\/v2\/types\/post"}],"author":[{"embeddable":true,"href":"https:\/\/caf.org.uy\/caf\/wp-json\/wp\/v2\/users\/1"}],"replies":[{"embeddable":true,"href":"https:\/\/caf.org.uy\/caf\/wp-json\/wp\/v2\/comments?post=5455"}],"version-history":[{"count":0,"href":"https:\/\/caf.org.uy\/caf\/wp-json\/wp\/v2\/posts\/5455\/revisions"}],"wp:featuredmedia":[{"embeddable":true,"href":"https:\/\/caf.org.uy\/caf\/wp-json\/wp\/v2\/media\/4377"}],"wp:attachment":[{"href":"https:\/\/caf.org.uy\/caf\/wp-json\/wp\/v2\/media?parent=5455"}],"wp:term":[{"taxonomy":"category","embeddable":true,"href":"https:\/\/caf.org.uy\/caf\/wp-json\/wp\/v2\/categories?post=5455"},{"taxonomy":"post_tag","embeddable":true,"href":"https:\/\/caf.org.uy\/caf\/wp-json\/wp\/v2\/tags?post=5455"}],"curies":[{"name":"wp","href":"https:\/\/api.w.org\/{rel}","templated":true}]}}