{"id":5403,"date":"2018-06-27T15:22:02","date_gmt":"2018-06-27T15:22:02","guid":{"rendered":"https:\/\/caf.org.uy\/caf\/?p=5403"},"modified":"2018-07-12T18:44:53","modified_gmt":"2018-07-12T18:44:53","slug":"invitacion-a-la-asamblea-anual-de-caf","status":"publish","type":"post","link":"https:\/\/caf.org.uy\/caf\/invitacion-a-la-asamblea-anual-de-caf\/","title":{"rendered":"Invitaci\u00f3n a la Asamblea Anual"},"content":{"rendered":"<p>Cooperativas Agrarias Federadas cita a sus entidades sociales a participar de su Asamblea General Ordinaria, la cual se llevar\u00e1 a cabo el pr\u00f3ximo martes 24 de julio de 8.30 a 13.30 h en la sala de reuniones de Fundaci\u00f3n FUCAC (Av. 18 de Julio 2017).<\/p>\n<p><img fetchpriority=\"high\" decoding=\"async\" class=\"aligncenter size-large wp-image-5405\" src=\"https:\/\/caf.org.uy\/caf\/wp-content\/uploads\/2018\/06\/Se-adjunta-invitaci\u00f3n-650x363.png\" alt=\"\" width=\"650\" height=\"363\" srcset=\"https:\/\/caf.org.uy\/caf\/wp-content\/uploads\/2018\/06\/Se-adjunta-invitaci\u00f3n-650x363.png 650w, https:\/\/caf.org.uy\/caf\/wp-content\/uploads\/2018\/06\/Se-adjunta-invitaci\u00f3n-420x235.png 420w, https:\/\/caf.org.uy\/caf\/wp-content\/uploads\/2018\/06\/Se-adjunta-invitaci\u00f3n-768x429.png 768w, https:\/\/caf.org.uy\/caf\/wp-content\/uploads\/2018\/06\/Se-adjunta-invitaci\u00f3n-1000x559.png 1000w, https:\/\/caf.org.uy\/caf\/wp-content\/uploads\/2018\/06\/Se-adjunta-invitaci\u00f3n.png 1372w\" sizes=\"(max-width: 650px) 100vw, 650px\" \/>.<\/p>\n","protected":false},"excerpt":{"rendered":"<p>Cooperativas Agrarias Federadas cita a sus entidades sociales a participar de su Asamblea General Ordinaria, la cual se llevar\u00e1 a cabo el pr\u00f3ximo martes 24 de julio de 8.30 a &hellip; <a class=\"readmore\" href=\"https:\/\/caf.org.uy\/caf\/invitacion-a-la-asamblea-anual-de-caf\/\">Seguir leyendo &rarr;<\/a><\/p>\n","protected":false},"author":5,"featured_media":5404,"comment_status":"open","ping_status":"closed","sticky":false,"template":"","format":"standard","meta":{"csbAdvScrollBarCursor":"","footnotes":""},"categories":[20,2,42],"tags":[],"class_list":["post-5403","post","type-post","status-publish","format-standard","has-post-thumbnail","hentry","category-institucional-gremial","category-noticias","category-portada"],"_links":{"self":[{"href":"https:\/\/caf.org.uy\/caf\/wp-json\/wp\/v2\/posts\/5403","targetHints":{"allow":["GET"]}}],"collection":[{"href":"https:\/\/caf.org.uy\/caf\/wp-json\/wp\/v2\/posts"}],"about":[{"href":"https:\/\/caf.org.uy\/caf\/wp-json\/wp\/v2\/types\/post"}],"author":[{"embeddable":true,"href":"https:\/\/caf.org.uy\/caf\/wp-json\/wp\/v2\/users\/5"}],"replies":[{"embeddable":true,"href":"https:\/\/caf.org.uy\/caf\/wp-json\/wp\/v2\/comments?post=5403"}],"version-history":[{"count":3,"href":"https:\/\/caf.org.uy\/caf\/wp-json\/wp\/v2\/posts\/5403\/revisions"}],"predecessor-version":[{"id":5422,"href":"https:\/\/caf.org.uy\/caf\/wp-json\/wp\/v2\/posts\/5403\/revisions\/5422"}],"wp:featuredmedia":[{"embeddable":true,"href":"https:\/\/caf.org.uy\/caf\/wp-json\/wp\/v2\/media\/5404"}],"wp:attachment":[{"href":"https:\/\/caf.org.uy\/caf\/wp-json\/wp\/v2\/media?parent=5403"}],"wp:term":[{"taxonomy":"category","embeddable":true,"href":"https:\/\/caf.org.uy\/caf\/wp-json\/wp\/v2\/categories?post=5403"},{"taxonomy":"post_tag","embeddable":true,"href":"https:\/\/caf.org.uy\/caf\/wp-json\/wp\/v2\/tags?post=5403"}],"curies":[{"name":"wp","href":"https:\/\/api.w.org\/{rel}","templated":true}]}}