{"id":5393,"date":"2018-06-15T12:31:10","date_gmt":"2018-06-15T12:31:10","guid":{"rendered":"https:\/\/caf.org.uy\/caf\/?p=5393"},"modified":"2018-06-18T12:32:04","modified_gmt":"2018-06-18T12:32:04","slug":"representantes-de-caf-se-reunieron-con-autoridades-del-brou","status":"publish","type":"post","link":"https:\/\/caf.org.uy\/caf\/representantes-de-caf-se-reunieron-con-autoridades-del-brou\/","title":{"rendered":"Representantes de CAF se reunieron con autoridades del BROU"},"content":{"rendered":"<p>El lunes 11 de junio, una delegaci\u00f3n de CAF (integrada por su presidente Virginia San Mart\u00edn, su vicepresidente Pablo Perdomo, su secretario Aparicio Hirschy y su gerente, Luis Frachia) se reuni\u00f3 con la gerente general del BROU, Mariela Espino, y con la gerente ejecutivo corporativo del BROU, Gabriela Fern\u00e1ndez.<\/p>\n<p>El objetivo fue intercambiar de primera mano sobre la necesidad de las cooperativas agr\u00edcolas y de sus socias de contar con \u201cfondos frescos\u201d para la siembra de los pr\u00f3ximos cultivos.<\/p>\n<p>Durante la reuni\u00f3n, que se desarroll\u00f3 en un clima muy ameno, las gerentes transmitieron el conocimiento que tienen sobre la compleja situaci\u00f3n que atraviesa el sector. En ese sentido, resaltaron la buena disposici\u00f3n del BROU de analizar caso a caso la situaci\u00f3n de las cooperativas.<\/p>\n<p>En lo concreto, implica que en los que casos en que haya reperfilamiento de una deuda, no necesariamente implicar\u00e1 un cambio de categor\u00eda. La situaci\u00f3n depender\u00e1 del an\u00e1lisis econ\u00f3mico y financiero que se realice sobre cada empresa.<\/p>\n<p>Por otra parte, el responsable de adjudicar cr\u00e9ditos menores a US$600.000 ser\u00e1 el gerente de negocios de cada sucursal del BROU. Por encima de ese monto, se requerir\u00e1 la revisi\u00f3n de los \u00f3rganos competentes a nivel central.<\/p>\n<p>Las autoridades del BROU tambi\u00e9n informaron que ante cualquier dificultad que surja en cualquiera de las sucursales del Banco, las cooperativas deben notificarlo a CAF, para que sea canalizado.<\/p>\n<p>Es muy importante que las cooperativas y sus socias realicen lo antes posible todas las gestiones que tengan pendientes ante el BROU, considerando el 30 de junio como fecha l\u00edmite.<\/p>\n","protected":false},"excerpt":{"rendered":"<p>El lunes 11 de junio, una delegaci\u00f3n de CAF (integrada por su presidente Virginia San Mart\u00edn, su vicepresidente Pablo Perdomo, su secretario Aparicio Hirschy y su gerente, Luis Frachia) se &hellip; <a class=\"readmore\" href=\"https:\/\/caf.org.uy\/caf\/representantes-de-caf-se-reunieron-con-autoridades-del-brou\/\">Seguir leyendo &rarr;<\/a><\/p>\n","protected":false},"author":5,"featured_media":5394,"comment_status":"open","ping_status":"closed","sticky":false,"template":"","format":"standard","meta":{"csbAdvScrollBarCursor":"","footnotes":""},"categories":[20,2,42],"tags":[],"class_list":["post-5393","post","type-post","status-publish","format-standard","has-post-thumbnail","hentry","category-institucional-gremial","category-noticias","category-portada"],"_links":{"self":[{"href":"https:\/\/caf.org.uy\/caf\/wp-json\/wp\/v2\/posts\/5393","targetHints":{"allow":["GET"]}}],"collection":[{"href":"https:\/\/caf.org.uy\/caf\/wp-json\/wp\/v2\/posts"}],"about":[{"href":"https:\/\/caf.org.uy\/caf\/wp-json\/wp\/v2\/types\/post"}],"author":[{"embeddable":true,"href":"https:\/\/caf.org.uy\/caf\/wp-json\/wp\/v2\/users\/5"}],"replies":[{"embeddable":true,"href":"https:\/\/caf.org.uy\/caf\/wp-json\/wp\/v2\/comments?post=5393"}],"version-history":[{"count":1,"href":"https:\/\/caf.org.uy\/caf\/wp-json\/wp\/v2\/posts\/5393\/revisions"}],"predecessor-version":[{"id":5395,"href":"https:\/\/caf.org.uy\/caf\/wp-json\/wp\/v2\/posts\/5393\/revisions\/5395"}],"wp:featuredmedia":[{"embeddable":true,"href":"https:\/\/caf.org.uy\/caf\/wp-json\/wp\/v2\/media\/5394"}],"wp:attachment":[{"href":"https:\/\/caf.org.uy\/caf\/wp-json\/wp\/v2\/media?parent=5393"}],"wp:term":[{"taxonomy":"category","embeddable":true,"href":"https:\/\/caf.org.uy\/caf\/wp-json\/wp\/v2\/categories?post=5393"},{"taxonomy":"post_tag","embeddable":true,"href":"https:\/\/caf.org.uy\/caf\/wp-json\/wp\/v2\/tags?post=5393"}],"curies":[{"name":"wp","href":"https:\/\/api.w.org\/{rel}","templated":true}]}}