{"id":5376,"date":"2018-06-08T14:54:59","date_gmt":"2018-06-08T14:54:59","guid":{"rendered":"https:\/\/caf.org.uy\/caf\/?p=5376"},"modified":"2018-06-08T14:56:13","modified_gmt":"2018-06-08T14:56:13","slug":"gremiales-apoyamos-movilizaciones-de-un-solo-uruguay-2","status":"publish","type":"post","link":"https:\/\/caf.org.uy\/caf\/gremiales-apoyamos-movilizaciones-de-un-solo-uruguay-2\/","title":{"rendered":"Gremiales apoyamos movilizaciones del 11 y 12 de junio"},"content":{"rendered":"<p>CAF y las dem\u00e1s gremiales agropecuarias (ACA, ANPL, ARU y FR) apoyan las movilizaciones de productores que se realicen los d\u00edas 11 y 12 de junio.<\/p>\n<p>\u201cEl tiempo transcurrido desde que el Poder Ejecutivo convoc\u00f3 a las Mesas de Trabajo ha sido m\u00e1s que suficiente para constatar la dificultad de este instrumento para construir acuerdos que satisfagan las urgencias de los sectores productivos en beneficio del desarrollo econ\u00f3mico de nuestro pa\u00eds. Con el esp\u00edritu de mantener vivas las reivindicaciones, las gremiales rurales apoyamos la movilizaci\u00f3n convocada para los d\u00edas 11 y 12 de junio\u201d, dice el comunicado de prensa difundido por las gremiales.<\/p>\n<p>Se adjunta el documento.<\/p>\n<p>&nbsp;<\/p>\n<p><a href=\"https:\/\/caf.org.uy\/caf\/wp-content\/uploads\/2018\/06\/COMUNICADO-GREMIALES-RURALES.pdf\">COMUNICADO GREMIALES RURALES<\/a><\/p>\n","protected":false},"excerpt":{"rendered":"<p>CAF y las dem\u00e1s gremiales agropecuarias (ACA, ANPL, ARU y FR) apoyan las movilizaciones de productores que se realicen los d\u00edas 11 y 12 de junio. \u201cEl tiempo transcurrido desde &hellip; <a class=\"readmore\" href=\"https:\/\/caf.org.uy\/caf\/gremiales-apoyamos-movilizaciones-de-un-solo-uruguay-2\/\">Seguir leyendo &rarr;<\/a><\/p>\n","protected":false},"author":5,"featured_media":5377,"comment_status":"open","ping_status":"closed","sticky":false,"template":"","format":"standard","meta":{"csbAdvScrollBarCursor":"","footnotes":""},"categories":[20,2,42],"tags":[],"class_list":["post-5376","post","type-post","status-publish","format-standard","has-post-thumbnail","hentry","category-institucional-gremial","category-noticias","category-portada"],"_links":{"self":[{"href":"https:\/\/caf.org.uy\/caf\/wp-json\/wp\/v2\/posts\/5376","targetHints":{"allow":["GET"]}}],"collection":[{"href":"https:\/\/caf.org.uy\/caf\/wp-json\/wp\/v2\/posts"}],"about":[{"href":"https:\/\/caf.org.uy\/caf\/wp-json\/wp\/v2\/types\/post"}],"author":[{"embeddable":true,"href":"https:\/\/caf.org.uy\/caf\/wp-json\/wp\/v2\/users\/5"}],"replies":[{"embeddable":true,"href":"https:\/\/caf.org.uy\/caf\/wp-json\/wp\/v2\/comments?post=5376"}],"version-history":[{"count":2,"href":"https:\/\/caf.org.uy\/caf\/wp-json\/wp\/v2\/posts\/5376\/revisions"}],"predecessor-version":[{"id":5381,"href":"https:\/\/caf.org.uy\/caf\/wp-json\/wp\/v2\/posts\/5376\/revisions\/5381"}],"wp:featuredmedia":[{"embeddable":true,"href":"https:\/\/caf.org.uy\/caf\/wp-json\/wp\/v2\/media\/5377"}],"wp:attachment":[{"href":"https:\/\/caf.org.uy\/caf\/wp-json\/wp\/v2\/media?parent=5376"}],"wp:term":[{"taxonomy":"category","embeddable":true,"href":"https:\/\/caf.org.uy\/caf\/wp-json\/wp\/v2\/categories?post=5376"},{"taxonomy":"post_tag","embeddable":true,"href":"https:\/\/caf.org.uy\/caf\/wp-json\/wp\/v2\/tags?post=5376"}],"curies":[{"name":"wp","href":"https:\/\/api.w.org\/{rel}","templated":true}]}}