{"id":5372,"date":"2018-06-07T14:24:00","date_gmt":"2018-06-07T14:24:00","guid":{"rendered":"http:\/\/www.caf.org.uy\/site\/?p=5372"},"modified":"2018-06-07T14:24:00","modified_gmt":"2018-06-07T14:24:00","slug":"puerta-abierta-para-socias-que-quieran-acceder-a-campos-del-inc","status":"publish","type":"post","link":"https:\/\/caf.org.uy\/caf\/puerta-abierta-para-socias-que-quieran-acceder-a-campos-del-inc\/","title":{"rendered":"\u201cPuerta abierta\u201d para socias que quieran acceder a campos de INC"},"content":{"rendered":"<p>El Comit\u00e9 Ejecutivo de CAF y los presidentes de cuatro cooperativas socias compartieron una \u201causpiciosa reuni\u00f3n\u201d con Jacqueline G\u00f3mez, presidente del Instituto Nacional de Colonizaci\u00f3n.<br \/>\nDel encuentro participaron los integrantes del Comit\u00e9 Ejecutivo de CAF, as\u00ed como representantes de las cooperativas CALAI, El Fog\u00f3n, CALIMA y CADOL. Luego de la reuni\u00f3n, Aparicio Hirschy, secretario de CAF, manifest\u00f3: \u201cPercibimos que estamos totalmente alineados con el INC en la idea de que las cooperativas pueden ayudar a los fines de esa instituci\u00f3n\u201d.<br \/>\nEn ese sentido, el secretario explic\u00f3 que \u201cest\u00e1 la puerta abierta\u201d para que las cooperativas socias de CAF presenten propuestas para acceder a campos del INC. Para avanzar en el tema pueden comunicarse con CAF.<br \/>\n<strong>70 a\u00f1os de INC<\/strong><br \/>\nEl 1 de junio fue el acto de conmemoraci\u00f3n de los 70 a\u00f1os del Instituto Nacional de Colonizaci\u00f3n, del cual participaron representantes de CAF. \u00abEn el INC existen experiencias de adjudicaci\u00f3n de tierras de forma colectiva. Estamos convencidos de generar y promover el cooperativismo\u00bb, dijo Jacqueline G\u00f3mez, presidente de INC.<\/p>\n","protected":false},"excerpt":{"rendered":"<p>El Comit\u00e9 Ejecutivo de CAF y los presidentes de cuatro cooperativas socias compartieron una \u201causpiciosa reuni\u00f3n\u201d con Jacqueline G\u00f3mez, presidente del Instituto Nacional de Colonizaci\u00f3n. Del encuentro participaron los integrantes &hellip; <a class=\"readmore\" href=\"https:\/\/caf.org.uy\/caf\/puerta-abierta-para-socias-que-quieran-acceder-a-campos-del-inc\/\">Seguir leyendo &rarr;<\/a><\/p>\n","protected":false},"author":1,"featured_media":5373,"comment_status":"open","ping_status":"closed","sticky":false,"template":"","format":"standard","meta":{"csbAdvScrollBarCursor":"","footnotes":""},"categories":[20,2,42],"tags":[],"class_list":["post-5372","post","type-post","status-publish","format-standard","has-post-thumbnail","hentry","category-institucional-gremial","category-noticias","category-portada"],"_links":{"self":[{"href":"https:\/\/caf.org.uy\/caf\/wp-json\/wp\/v2\/posts\/5372","targetHints":{"allow":["GET"]}}],"collection":[{"href":"https:\/\/caf.org.uy\/caf\/wp-json\/wp\/v2\/posts"}],"about":[{"href":"https:\/\/caf.org.uy\/caf\/wp-json\/wp\/v2\/types\/post"}],"author":[{"embeddable":true,"href":"https:\/\/caf.org.uy\/caf\/wp-json\/wp\/v2\/users\/1"}],"replies":[{"embeddable":true,"href":"https:\/\/caf.org.uy\/caf\/wp-json\/wp\/v2\/comments?post=5372"}],"version-history":[{"count":0,"href":"https:\/\/caf.org.uy\/caf\/wp-json\/wp\/v2\/posts\/5372\/revisions"}],"wp:featuredmedia":[{"embeddable":true,"href":"https:\/\/caf.org.uy\/caf\/wp-json\/wp\/v2\/media\/5373"}],"wp:attachment":[{"href":"https:\/\/caf.org.uy\/caf\/wp-json\/wp\/v2\/media?parent=5372"}],"wp:term":[{"taxonomy":"category","embeddable":true,"href":"https:\/\/caf.org.uy\/caf\/wp-json\/wp\/v2\/categories?post=5372"},{"taxonomy":"post_tag","embeddable":true,"href":"https:\/\/caf.org.uy\/caf\/wp-json\/wp\/v2\/tags?post=5372"}],"curies":[{"name":"wp","href":"https:\/\/api.w.org\/{rel}","templated":true}]}}