{"id":5369,"date":"2018-06-04T14:17:17","date_gmt":"2018-06-04T14:17:17","guid":{"rendered":"https:\/\/caf.org.uy\/caf\/?p=5369"},"modified":"2018-06-08T14:22:31","modified_gmt":"2018-06-08T14:22:31","slug":"gremiales-del-agro-se-reunieron-con-ministro-del-interior","status":"publish","type":"post","link":"https:\/\/caf.org.uy\/caf\/gremiales-del-agro-se-reunieron-con-ministro-del-interior\/","title":{"rendered":"Gremiales del agro se reunieron con Ministro del Interior"},"content":{"rendered":"<p>Representantes de las gremiales agropecuarias se reunieron este lunes con Eduardo Bonomi, Ministro del Interior. Pablo Perdomo, vicepresidente de CAF, particip\u00f3 en nuestra representaci\u00f3n.<\/p>\n<p>El abigeato, las c\u00e1maras de seguridad, la leg\u00edtima defensa en el hogar rural y el ataque de perros fueron algunos de los temas tratados. Adem\u00e1s de representantes de las gremiales agropecuarias, participaron autoridades de Central Lanera Uruguaya y del Secretariado Uruguayo de la Lana, as\u00ed como Fernanda Maldonado, quien ha trabajado junto a las gremiales en materia de seguridad.<\/p>\n<p>\u201cLa reuni\u00f3n fue un espacio para seguir avanzando en el tema\u201d, dijo el vicepresidente de CAF, quien coment\u00f3 que el ministro est\u00e1 enterado de la situaci\u00f3n de seguridad rural, y que estuvieron de acuerdo en que es necesario concientizar a los jueces sobre el tema.<\/p>\n<p>\u201cConcientizar a clase pol\u00edtica y a la c\u00e1tedra, as\u00ed como cambiar el c\u00f3digo penal y algunas leyes, es el desaf\u00edo para solucionar los problemas planteados hoy, en lo que concordamos con el Ministro\u201d, concluy\u00f3.<\/p>\n","protected":false},"excerpt":{"rendered":"<p>Representantes de las gremiales agropecuarias se reunieron este lunes con Eduardo Bonomi, Ministro del Interior. Pablo Perdomo, vicepresidente de CAF, particip\u00f3 en nuestra representaci\u00f3n. El abigeato, las c\u00e1maras de seguridad, &hellip; <a class=\"readmore\" href=\"https:\/\/caf.org.uy\/caf\/gremiales-del-agro-se-reunieron-con-ministro-del-interior\/\">Seguir leyendo &rarr;<\/a><\/p>\n","protected":false},"author":5,"featured_media":5370,"comment_status":"open","ping_status":"closed","sticky":false,"template":"","format":"standard","meta":{"csbAdvScrollBarCursor":"","footnotes":""},"categories":[20,2,42],"tags":[],"class_list":["post-5369","post","type-post","status-publish","format-standard","has-post-thumbnail","hentry","category-institucional-gremial","category-noticias","category-portada"],"_links":{"self":[{"href":"https:\/\/caf.org.uy\/caf\/wp-json\/wp\/v2\/posts\/5369","targetHints":{"allow":["GET"]}}],"collection":[{"href":"https:\/\/caf.org.uy\/caf\/wp-json\/wp\/v2\/posts"}],"about":[{"href":"https:\/\/caf.org.uy\/caf\/wp-json\/wp\/v2\/types\/post"}],"author":[{"embeddable":true,"href":"https:\/\/caf.org.uy\/caf\/wp-json\/wp\/v2\/users\/5"}],"replies":[{"embeddable":true,"href":"https:\/\/caf.org.uy\/caf\/wp-json\/wp\/v2\/comments?post=5369"}],"version-history":[{"count":1,"href":"https:\/\/caf.org.uy\/caf\/wp-json\/wp\/v2\/posts\/5369\/revisions"}],"predecessor-version":[{"id":5371,"href":"https:\/\/caf.org.uy\/caf\/wp-json\/wp\/v2\/posts\/5369\/revisions\/5371"}],"wp:featuredmedia":[{"embeddable":true,"href":"https:\/\/caf.org.uy\/caf\/wp-json\/wp\/v2\/media\/5370"}],"wp:attachment":[{"href":"https:\/\/caf.org.uy\/caf\/wp-json\/wp\/v2\/media?parent=5369"}],"wp:term":[{"taxonomy":"category","embeddable":true,"href":"https:\/\/caf.org.uy\/caf\/wp-json\/wp\/v2\/categories?post=5369"},{"taxonomy":"post_tag","embeddable":true,"href":"https:\/\/caf.org.uy\/caf\/wp-json\/wp\/v2\/tags?post=5369"}],"curies":[{"name":"wp","href":"https:\/\/api.w.org\/{rel}","templated":true}]}}