{"id":5362,"date":"2018-06-01T13:51:31","date_gmt":"2018-06-01T13:51:31","guid":{"rendered":"http:\/\/www.caf.org.uy\/site\/?p=5362"},"modified":"2018-06-01T13:51:31","modified_gmt":"2018-06-01T13:51:31","slug":"avanza-propuesta-para-fijar-dia-nacional-del-campo-natural","status":"publish","type":"post","link":"https:\/\/caf.org.uy\/caf\/avanza-propuesta-para-fijar-dia-nacional-del-campo-natural\/","title":{"rendered":"Avanza propuesta para fijar D\u00eda Nacional del Campo Natural"},"content":{"rendered":"<p>La Mesa de Ganader\u00eda sobre Campo Natural avanza en una propuesta para fijar el D\u00eda Nacional del Campo Natural. Fernando Coronel, delegado de Cooperativas Agrarias Federadas (CAF), particip\u00f3 de la reuni\u00f3n de la Mesa que se realiz\u00f3 el mi\u00e9rcoles 30 de mayo en la sede del Plan Agropecuario.<br \/>\n\u201cEn la instancia se abordaron tres grandes temas. Por un lado, se discutieron distintos aspectos relativos a la fijaci\u00f3n del D\u00eda Nacional del Campo Natural. La iniciativa fue propuesta por la Asociaci\u00f3n Uruguaya de Ganaderos del Pastizal (AUGAP) y apunta a valorizar el rol del campo natural como soporte de la ganader\u00eda vacuna y ovina, as\u00ed como principal proveedor de servicios ecosist\u00e9micos y como fuente de biodiversidad\u201d, dijo Coronel.<br \/>\nDurante la instancia, tambi\u00e9n se intercambiaron diversos aspectos vinculados al proyecto FAO \u201cEvaluaci\u00f3n participativa de la degradaci\u00f3n de pasturas y la gesti\u00f3n sostenible en los sistemas de pastizales\u201d, del que la Mesa participar\u00e1 como asesora.<br \/>\n\u201cEn otro sentido, se discutieron distintas alternativas para la intensificaci\u00f3n productiva del campo natural. La idea es plasmar las diferentes opciones en un documento que quedar\u00e1 como referencia para las instituciones del sector\u201d, concluy\u00f3 el delegado.<br \/>\n<strong>Sobre la Mesa de Ganader\u00eda sobre Campo Natural<\/strong><br \/>\nSe trata de un espacio interinstitucional p\u00fablico-privado agropecuario que coordina las acciones transversales y de complementaci\u00f3n de gesti\u00f3n a los efectos de asesorar y proponer pol\u00edticas p\u00fablicas en materia de Campo Natural.<br \/>\nLas instituciones que forman parte de esta Mesa, son: MGAP, IPA, INIA, Facultad de Ciencias (Udelar), Facultad de Agronom\u00eda (Udelar), SUL, ARU, CAF, CNFR, Alianza del Pastizal y AUGAP.<\/p>\n","protected":false},"excerpt":{"rendered":"<p>La Mesa de Ganader\u00eda sobre Campo Natural avanza en una propuesta para fijar el D\u00eda Nacional del Campo Natural. Fernando Coronel, delegado de Cooperativas Agrarias Federadas (CAF), particip\u00f3 de la &hellip; <a class=\"readmore\" href=\"https:\/\/caf.org.uy\/caf\/avanza-propuesta-para-fijar-dia-nacional-del-campo-natural\/\">Seguir leyendo &rarr;<\/a><\/p>\n","protected":false},"author":1,"featured_media":5363,"comment_status":"open","ping_status":"closed","sticky":false,"template":"","format":"standard","meta":{"csbAdvScrollBarCursor":"","footnotes":""},"categories":[20,2,42],"tags":[],"class_list":["post-5362","post","type-post","status-publish","format-standard","has-post-thumbnail","hentry","category-institucional-gremial","category-noticias","category-portada"],"_links":{"self":[{"href":"https:\/\/caf.org.uy\/caf\/wp-json\/wp\/v2\/posts\/5362","targetHints":{"allow":["GET"]}}],"collection":[{"href":"https:\/\/caf.org.uy\/caf\/wp-json\/wp\/v2\/posts"}],"about":[{"href":"https:\/\/caf.org.uy\/caf\/wp-json\/wp\/v2\/types\/post"}],"author":[{"embeddable":true,"href":"https:\/\/caf.org.uy\/caf\/wp-json\/wp\/v2\/users\/1"}],"replies":[{"embeddable":true,"href":"https:\/\/caf.org.uy\/caf\/wp-json\/wp\/v2\/comments?post=5362"}],"version-history":[{"count":0,"href":"https:\/\/caf.org.uy\/caf\/wp-json\/wp\/v2\/posts\/5362\/revisions"}],"wp:featuredmedia":[{"embeddable":true,"href":"https:\/\/caf.org.uy\/caf\/wp-json\/wp\/v2\/media\/5363"}],"wp:attachment":[{"href":"https:\/\/caf.org.uy\/caf\/wp-json\/wp\/v2\/media?parent=5362"}],"wp:term":[{"taxonomy":"category","embeddable":true,"href":"https:\/\/caf.org.uy\/caf\/wp-json\/wp\/v2\/categories?post=5362"},{"taxonomy":"post_tag","embeddable":true,"href":"https:\/\/caf.org.uy\/caf\/wp-json\/wp\/v2\/tags?post=5362"}],"curies":[{"name":"wp","href":"https:\/\/api.w.org\/{rel}","templated":true}]}}